{"id":98477,"date":"2017-03-19T20:29:11","date_gmt":"2017-03-19T19:29:11","guid":{"rendered":"http:\/\/www.brundisium.net\/?p=98477"},"modified":"2017-03-20T07:37:56","modified_gmt":"2017-03-20T06:37:56","slug":"nasce-alternativa-popolare-de-michele-siamo-qui-per-voltare-pagina","status":"publish","type":"post","link":"https:\/\/www.brundisium.net\/index.php\/nasce-alternativa-popolare-de-michele-siamo-qui-per-voltare-pagina\/","title":{"rendered":"Nasce Alternativa Popolare, De Michele: &#8220;siamo qui per voltare pagina&#8221;"},"content":{"rendered":"<p><a href=\"http:\/\/www.brundisium.net\/index.php\/nasce-alternativa-popolare-de-michele-siamo-qui-per-voltare-pagina\/alternativa-popolare\/\" rel=\"attachment wp-att-98478\"><img loading=\"lazy\" decoding=\"async\" class=\"alignleft size-medium wp-image-98478\" src=\"http:\/\/www.brundisium.net\/brun\/wp-content\/uploads\/2017\/03\/alternativa-popolare-288x300.jpg\" alt=\"\" width=\"288\" height=\"300\" srcset=\"https:\/\/www.brundisium.net\/brun\/wp-content\/uploads\/2017\/03\/alternativa-popolare-288x300.jpg 288w, https:\/\/www.brundisium.net\/brun\/wp-content\/uploads\/2017\/03\/alternativa-popolare.jpg 750w\" sizes=\"auto, (max-width: 288px) 100vw, 288px\" \/><\/a>\u00a0Oggi \u00e8 un momento storico importante per il nostro partito&#8230; nato quattro anni fa&#8217;, impedendo che l&#8217;Italia scivolasse verso il baratro e a una deriva massimalista e populista, \u00e8 stato determinante nelle scelte strategiche del paese, dalla sicurezza alla famiglia, dalla scuola alla sanit\u00e0, radicandosi sempre pi\u00f9 a livello locale e culturale.<\/p>\n<p>&nbsp;<\/p>\n<p>&nbsp;<\/p>\n<p>Oggi si consolida una realt\u00e0 politica forte, coesa, strutturata, una realt\u00e0 politica che vuol essere riferimento imprescindibile per tutti i moderati, una casa comune per chi vuole una Europa pi\u00f9 forte e competitiva, pi\u00f9 ricca e sicura&#8230;un partito che vuole aggregare un forte polo moderato con regole certe ed una piattaforma programmatica che pone al centro il lavoro, la famiglia, le imprese, la sicurezza, i giovani, la formazione, il sociale.<\/p>\n<p>&nbsp;<\/p>\n<p>&nbsp;<\/p>\n<p><a href=\"http:\/\/www.brundisium.net\/index.php\/nasce-alternativa-popolare-de-michele-siamo-qui-per-voltare-pagina\/rino-pierri-4\/\" rel=\"attachment wp-att-98482\"><img loading=\"lazy\" decoding=\"async\" class=\"size-medium wp-image-98482 alignright\" src=\"http:\/\/www.brundisium.net\/brun\/wp-content\/uploads\/2017\/03\/rino-pierri-1-225x300.jpg\" alt=\"\" width=\"225\" height=\"300\" srcset=\"https:\/\/www.brundisium.net\/brun\/wp-content\/uploads\/2017\/03\/rino-pierri-1-225x300.jpg 225w, https:\/\/www.brundisium.net\/brun\/wp-content\/uploads\/2017\/03\/rino-pierri-1-768x1024.jpg 768w, https:\/\/www.brundisium.net\/brun\/wp-content\/uploads\/2017\/03\/rino-pierri-1-300x400.jpg 300w, https:\/\/www.brundisium.net\/brun\/wp-content\/uploads\/2017\/03\/rino-pierri-1.jpg 1200w\" sizes=\"auto, (max-width: 225px) 100vw, 225px\" \/><\/a>Siamo qui per voltare pagina.<br \/>\nSiamo chiamati a organizzare un movimento politico e chiamati a ripartire pur non essendoci mai fermati.<br \/>\nVogliamo far risalire il ceto medio che ora \u00e8 impaurito nella scala sociale. Questo si pu\u00f2 fare rafforzando gli stipendi dei lavoratori pubblici e privati. Occorre poi un piano di rilancio dell&#8217;edilizia e del valore degli immobili. E poi ci vuole un patto fiscale con gli imprenditori perch\u00e9 sono loro che possono dare lavoro, soprattutto ai giovani.<\/p>\n<p>&nbsp;<\/p>\n<p>&nbsp;<\/p>\n<p>Noi siamo alternativi ai lepenisti, alla sinistra dell\u2019indietro tutto, a chi ha in mente solo la ruspa, a chi dice no, a chi non ha cura della Repubblica..<br \/>\n&#8220;Il coraggio di costruire, insieme&#8221;&#8230;.questo il nostro motto, con un simbolo ed un entusiasmo rinnovato, nelle persone e nei contenuti..<\/p>\n<p>&nbsp;<\/p>\n<p>Avv. Cosimo De Michele<\/p>\n","protected":false},"excerpt":{"rendered":"<p>\u00a0Oggi \u00e8 un momento storico importante per il nostro partito&#8230; nato quattro anni fa&#8217;, impedendo che l&#8217;Italia scivolasse verso il baratro e a una deriva massimalista e populista, \u00e8 stato determinante nelle scelte strategiche del paese, dalla sicurezza alla famiglia, dalla scuola alla sanit\u00e0, radicandosi sempre pi\u00f9 a livello locale e culturale. &nbsp; &nbsp; Oggi si consolida una realt\u00e0 politica forte, coesa, strutturata, una realt\u00e0 politica che vuol essere riferimento imprescindibile per tutti i moderati, una casa comune per chi vuole una Europa pi\u00f9 forte e competitiva, pi\u00f9 ricca e sicura&#8230;un partito che vuole aggregare un forte polo moderato con regole certe ed una piattaforma programmatica che pone al centro il lavoro, la famiglia, le imprese, la sicurezza, i giovani, la formazione, il sociale. &nbsp; &nbsp; Siamo qui per voltare pagina. Siamo chiamati a organizzare un movimento politico e chiamati a ripartire pur non essendoci mai fermati. Vogliamo far risalire il ceto medio che ora \u00e8 impaurito nella scala sociale. Questo si pu\u00f2 fare rafforzando gli stipendi dei lavoratori pubblici&#8230;<\/p>\n","protected":false},"author":2,"featured_media":98481,"comment_status":"open","ping_status":"closed","sticky":false,"template":"","format":"standard","meta":{"footnotes":""},"categories":[7],"tags":[3679,313],"class_list":["post-98477","post","type-post","status-publish","format-standard","has-post-thumbnail","hentry","category-news","tag-alternativa-popolare","tag-de-michele"],"_links":{"self":[{"href":"https:\/\/www.brundisium.net\/index.php\/wp-json\/wp\/v2\/posts\/98477","targetHints":{"allow":["GET"]}}],"collection":[{"href":"https:\/\/www.brundisium.net\/index.php\/wp-json\/wp\/v2\/posts"}],"about":[{"href":"https:\/\/www.brundisium.net\/index.php\/wp-json\/wp\/v2\/types\/post"}],"author":[{"embeddable":true,"href":"https:\/\/www.brundisium.net\/index.php\/wp-json\/wp\/v2\/users\/2"}],"replies":[{"embeddable":true,"href":"https:\/\/www.brundisium.net\/index.php\/wp-json\/wp\/v2\/comments?post=98477"}],"version-history":[{"count":2,"href":"https:\/\/www.brundisium.net\/index.php\/wp-json\/wp\/v2\/posts\/98477\/revisions"}],"predecessor-version":[{"id":98484,"href":"https:\/\/www.brundisium.net\/index.php\/wp-json\/wp\/v2\/posts\/98477\/revisions\/98484"}],"wp:featuredmedia":[{"embeddable":true,"href":"https:\/\/www.brundisium.net\/index.php\/wp-json\/wp\/v2\/media\/98481"}],"wp:attachment":[{"href":"https:\/\/www.brundisium.net\/index.php\/wp-json\/wp\/v2\/media?parent=98477"}],"wp:term":[{"taxonomy":"category","embeddable":true,"href":"https:\/\/www.brundisium.net\/index.php\/wp-json\/wp\/v2\/categories?post=98477"},{"taxonomy":"post_tag","embeddable":true,"href":"https:\/\/www.brundisium.net\/index.php\/wp-json\/wp\/v2\/tags?post=98477"}],"curies":[{"name":"wp","href":"https:\/\/api.w.org\/{rel}","templated":true}]}}