{"id":98607,"date":"2017-03-21T08:13:12","date_gmt":"2017-03-21T07:13:12","guid":{"rendered":"http:\/\/www.brundisium.net\/?p=98607"},"modified":"2017-03-21T20:18:26","modified_gmt":"2017-03-21T19:18:26","slug":"cgil-i-cie-sono-inadeguati-per-dare-pieno-diritto-di-cittadinanza-a-tutte-le-persone","status":"publish","type":"post","link":"https:\/\/www.brundisium.net\/index.php\/cgil-i-cie-sono-inadeguati-per-dare-pieno-diritto-di-cittadinanza-a-tutte-le-persone\/","title":{"rendered":"CGIL: &#8220;I CIE sono inadeguati per dare pieno diritto di cittadinanza a tutte le persone&#8221;"},"content":{"rendered":"<p>Brindisi, come dimostra la sua storia di accoglienza, fra gli altri, ospita anche i centri CIE ( Centro Identificazione ed espulsione) e CARA ( Centro Accoglienza Richiedenti Asilo) presso la localit\u00e0 Restinco<br \/>\nLa sicurezza all\u2019esterno \u00e8 affidata all\u2019esercito, mentre la sorveglianza interna \u00e8 di responsabilit\u00e0 della polizia, supportata da carabinieri e guardia di finanza. La gestione di entrambi i centri \u00e8 stata appaltata dalla prefettura di Brindisi alla cooperativa Auxilium.<\/p>\n<p>&nbsp;<br \/>\nMolto spesso vengono ospitati anche minori, anche se la legge \u00e8 perentoria sul punto: i minori non dovrebbero proprio entrare in una struttura per adulti; la norma, per la loro maggiore tutela, prevede che siano immediatamente sistemati in una comunit\u00e0 per minori, ma talvolta la necessit\u00e0 di aiutarli supera anche le norme.<br \/>\nL\u2019edificio \u00e8 una vera e propria struttura detentiva, senza possibilit\u00e0 di uscire dalle regole, nemmeno lo specchio \u00e8 ammesso, tutto \u00e8 in comune ed anche il cibo potrebbe essere migliore.<\/p>\n<p>&nbsp;<br \/>\nQui, a differenza del carcere, \u00e8 vietato cucinare, quindi si pu\u00f2 mangiare solo il vitto fornito dalla struttura e comprare qualche merendina con il pocket money, la diaria di 1,5 o 2,5 euro al giorno (a seconda delle regioni) che i migranti hanno a disposizione da spendere.<\/p>\n<p>&nbsp;<br \/>\nI tempi di permanenza non dovrebbero superare i novanta giorni (prima la legge prevedeva diciotto mesi), ma in questo sistema di detenzione amministrativa, in cui non si celebra nessun processo ma si sconta di fatto una pena carceraria ed in questa condizione di semidetenzione si pu\u00f2 restare anche pi\u00f9 di un anno, in attesa che sia esaminata la richiesta d\u2019asilo.<\/p>\n<p>&nbsp;<br \/>\nL\u2019uscita dal Cara \u00e8 consentita dalle 8 alle 20, ma non ci sono mezzi pubblici da e per, motivo per cui i rifugiati molto spesso si procurano una bicicletta. Inoltre, proprio nella serata di domenica scorsa un ragazzo di colore sulla sua bici veniva travolto da un\u2019auto pirata e lasciato gravemente ferito in terra. Solo la civilt\u00e0 di donne e uomini del luogo, fra cui un nostro Dirigente Sindacale, che ha chiesto di rimanare anonimo, perch\u00e9 dice \u201c per me era un atto di civilt\u00e0, non ho fatto nulla di straordinario\u201d, hanno reso possibile un suo soccorso presso il Perrino.<\/p>\n<p>&nbsp;<br \/>\nIn questo contesto si inseriscono, altres\u00ec, realt\u00e0 quale quella di Adriana, una donna trans costretta a vivere nei capannoni con gli uomini, che avrebbe tutto il diritto di essere posta in un reparto ad hoc. Inoltre, la stessa non ha potuto assumere la terapia ormonale per circostanze tutte ancora da chiarire.<\/p>\n<p>&nbsp;<br \/>\nUn gran numero di transessuali straniere passa in queste strutture. Per evitare stupri e altri tipi di abusi nei Centri come quello di Milano si \u00e8 deciso di creare un reparto separato a loro destinato. A Brindisi purtroppo non si \u00e8 creata questa sensibilit\u00e0 ed i risultati sono sotto gli occhi di tutti.<\/p>\n<p>&nbsp;<br \/>\nAd oltre 20 anni dalla creazione di questi centri, \u00e8 giunto il momento di rimodulare la loro concezione. Quello che scrivo non \u00e8 demagogia, ma la necessit\u00e0 riscontrata nel quotidiano di approcciarsi a queste persone con maggiore umanit\u00e0 ed un senso civico che ci ha sempre reso la citt\u00e0 dell\u2019accoglienza.<\/p>\n<p>&nbsp;<br \/>\nI Cie non assicurano soluzioni, ma solamente restrizioni di fondamentali diritti soggettivi e complicazioni giuridiche di vario genere, e alimentano un clima di \u2018caccia all\u2019uomo\u2019 e di xenofobia gi\u00e0 oggi sopra il livello di guardia. Non possiamo guardare all\u2019America e non pensare cosa abbia prodotto la politica di questi ultimi mesi<\/p>\n<p>&nbsp;<br \/>\nLo scorso febbraio la Grande Camera della Corte Europea dei Diritti dell\u2019Uomo ha condannato l\u2019Italia per il trattenimento illegittimo di tre cittadini tunisini, confermando la sussistenza della violazione del Diritto alla libert\u00e0 e alla sicurezza, art. 5 CEDU, e del Diritto ad un ricorso effettivo, art. 13 CEDU. Si tratta di una decisione di assoluta rilevanza: \u00e8 la prima condanna per l\u2019illegittima detenzione dei migranti all\u2019interno dei centri di prima accoglienza italiani. La sentenza \u00e8 di primaria importanza anche perch\u00e9 mette in discussione le prassi detentive attuali all\u2019interno dei centri.<\/p>\n<p>&nbsp;<br \/>\nI centri di accoglienza nella loro attuale concezione sono inadeguati ed anche i trattati a cui si ispirano risultano superati rispetto alla evoluzione degli eventi.<\/p>\n<p>&nbsp;<\/p>\n<p>&nbsp;<\/p>\n<p><em><strong>CGIL BRINDISI<\/strong><\/em><\/p>\n<p>&nbsp;<\/p>\n<p>&nbsp;<\/p>\n","protected":false},"excerpt":{"rendered":"<p>Brindisi, come dimostra la sua storia di accoglienza, fra gli altri, ospita anche i centri CIE ( Centro Identificazione ed espulsione) e CARA ( Centro Accoglienza Richiedenti Asilo) presso la localit\u00e0 Restinco La sicurezza all\u2019esterno \u00e8 affidata all\u2019esercito, mentre la sorveglianza interna \u00e8 di responsabilit\u00e0 della polizia, supportata da carabinieri e guardia di finanza. La gestione di entrambi i centri \u00e8 stata appaltata dalla prefettura di Brindisi alla cooperativa Auxilium. &nbsp; Molto spesso vengono ospitati anche minori, anche se la legge \u00e8 perentoria sul punto: i minori non dovrebbero proprio entrare in una struttura per adulti; la norma, per la loro maggiore tutela, prevede che siano immediatamente sistemati in una comunit\u00e0 per minori, ma talvolta la necessit\u00e0 di aiutarli supera anche le norme. L\u2019edificio \u00e8 una vera e propria struttura detentiva, senza possibilit\u00e0 di uscire dalle regole, nemmeno lo specchio \u00e8 ammesso, tutto \u00e8 in comune ed anche il cibo potrebbe essere migliore. &nbsp; Qui, a differenza del carcere, \u00e8 vietato cucinare, quindi si pu\u00f2 mangiare solo il vitto fornito&#8230;<\/p>\n","protected":false},"author":2,"featured_media":55267,"comment_status":"open","ping_status":"closed","sticky":false,"template":"","format":"standard","meta":{"footnotes":""},"categories":[7],"tags":[236,3693],"class_list":["post-98607","post","type-post","status-publish","format-standard","has-post-thumbnail","hentry","category-news","tag-cgil","tag-cie"],"_links":{"self":[{"href":"https:\/\/www.brundisium.net\/index.php\/wp-json\/wp\/v2\/posts\/98607","targetHints":{"allow":["GET"]}}],"collection":[{"href":"https:\/\/www.brundisium.net\/index.php\/wp-json\/wp\/v2\/posts"}],"about":[{"href":"https:\/\/www.brundisium.net\/index.php\/wp-json\/wp\/v2\/types\/post"}],"author":[{"embeddable":true,"href":"https:\/\/www.brundisium.net\/index.php\/wp-json\/wp\/v2\/users\/2"}],"replies":[{"embeddable":true,"href":"https:\/\/www.brundisium.net\/index.php\/wp-json\/wp\/v2\/comments?post=98607"}],"version-history":[{"count":1,"href":"https:\/\/www.brundisium.net\/index.php\/wp-json\/wp\/v2\/posts\/98607\/revisions"}],"predecessor-version":[{"id":98608,"href":"https:\/\/www.brundisium.net\/index.php\/wp-json\/wp\/v2\/posts\/98607\/revisions\/98608"}],"wp:featuredmedia":[{"embeddable":true,"href":"https:\/\/www.brundisium.net\/index.php\/wp-json\/wp\/v2\/media\/55267"}],"wp:attachment":[{"href":"https:\/\/www.brundisium.net\/index.php\/wp-json\/wp\/v2\/media?parent=98607"}],"wp:term":[{"taxonomy":"category","embeddable":true,"href":"https:\/\/www.brundisium.net\/index.php\/wp-json\/wp\/v2\/categories?post=98607"},{"taxonomy":"post_tag","embeddable":true,"href":"https:\/\/www.brundisium.net\/index.php\/wp-json\/wp\/v2\/tags?post=98607"}],"curies":[{"name":"wp","href":"https:\/\/api.w.org\/{rel}","templated":true}]}}