{"id":98786,"date":"2017-03-22T14:46:18","date_gmt":"2017-03-22T13:46:18","guid":{"rendered":"http:\/\/www.brundisium.net\/?p=98786"},"modified":"2017-03-22T20:08:32","modified_gmt":"2017-03-22T19:08:32","slug":"mercato-settimanale-a-fasano-sara-recuperato-domenica-26-marzo-2017","status":"publish","type":"post","link":"https:\/\/www.brundisium.net\/index.php\/mercato-settimanale-a-fasano-sara-recuperato-domenica-26-marzo-2017\/","title":{"rendered":"Mercato settimanale a Fasano: sar\u00e0 recuperato domenica 26 marzo 2017"},"content":{"rendered":"<p>Il mercato settimanale di Fasano sospeso mercoled\u00ec 1 marzo scorso a causa dei lavori di risistemazione di via Giardinelli sar\u00e0 recuperato questa domenica mattina 26 marzo. \u00abLa decisione \u00e8 stata adottata di concerto con i commercianti ambulanti \u2013 afferma Luana Amati, assessora alle Attivit\u00e0 produttive \u2013 grazie ad un incontro informale con una delegazione di operatori del settore tenuto anche con Antonella Schena, presidente della commissione consiliare permanente Attivit\u00e0 produttive\u00bb. L\u2019Amministrazione comunale infatti \u00e8 voluta venire incontro alle esigenze degli esercenti non a posto fisso \u00abche altrimenti avrebbero perso una giornata di lavoro \u2013 sottolinea Luana Amati \u2013 il che, in una situazione di generale crisi economica, non ce lo saremmo perdonati\u00bb.<\/p>\n<p>Comune di Fasano<\/p>\n","protected":false},"excerpt":{"rendered":"<p>Il mercato settimanale di Fasano sospeso mercoled\u00ec 1 marzo scorso a causa dei lavori di risistemazione di via Giardinelli sar\u00e0 recuperato questa domenica mattina 26 marzo. \u00abLa decisione \u00e8 stata adottata di concerto con i commercianti ambulanti \u2013 afferma Luana Amati, assessora alle Attivit\u00e0 produttive \u2013 grazie ad un incontro informale con una delegazione di operatori del settore tenuto anche con Antonella Schena, presidente della commissione consiliare permanente Attivit\u00e0 produttive\u00bb. L\u2019Amministrazione comunale infatti \u00e8 voluta venire incontro alle esigenze degli esercenti non a posto fisso \u00abche altrimenti avrebbero perso una giornata di lavoro \u2013 sottolinea Luana Amati \u2013 il che, in una situazione di generale crisi economica, non ce lo saremmo perdonati\u00bb. Comune di Fasano<\/p>\n","protected":false},"author":2,"featured_media":71203,"comment_status":"open","ping_status":"closed","sticky":false,"template":"","format":"standard","meta":{"footnotes":""},"categories":[7],"tags":[244],"class_list":["post-98786","post","type-post","status-publish","format-standard","has-post-thumbnail","hentry","category-news","tag-fasano"],"_links":{"self":[{"href":"https:\/\/www.brundisium.net\/index.php\/wp-json\/wp\/v2\/posts\/98786","targetHints":{"allow":["GET"]}}],"collection":[{"href":"https:\/\/www.brundisium.net\/index.php\/wp-json\/wp\/v2\/posts"}],"about":[{"href":"https:\/\/www.brundisium.net\/index.php\/wp-json\/wp\/v2\/types\/post"}],"author":[{"embeddable":true,"href":"https:\/\/www.brundisium.net\/index.php\/wp-json\/wp\/v2\/users\/2"}],"replies":[{"embeddable":true,"href":"https:\/\/www.brundisium.net\/index.php\/wp-json\/wp\/v2\/comments?post=98786"}],"version-history":[{"count":1,"href":"https:\/\/www.brundisium.net\/index.php\/wp-json\/wp\/v2\/posts\/98786\/revisions"}],"predecessor-version":[{"id":98788,"href":"https:\/\/www.brundisium.net\/index.php\/wp-json\/wp\/v2\/posts\/98786\/revisions\/98788"}],"wp:featuredmedia":[{"embeddable":true,"href":"https:\/\/www.brundisium.net\/index.php\/wp-json\/wp\/v2\/media\/71203"}],"wp:attachment":[{"href":"https:\/\/www.brundisium.net\/index.php\/wp-json\/wp\/v2\/media?parent=98786"}],"wp:term":[{"taxonomy":"category","embeddable":true,"href":"https:\/\/www.brundisium.net\/index.php\/wp-json\/wp\/v2\/categories?post=98786"},{"taxonomy":"post_tag","embeddable":true,"href":"https:\/\/www.brundisium.net\/index.php\/wp-json\/wp\/v2\/tags?post=98786"}],"curies":[{"name":"wp","href":"https:\/\/api.w.org\/{rel}","templated":true}]}}