{"id":98791,"date":"2017-03-22T16:58:07","date_gmt":"2017-03-22T15:58:07","guid":{"rendered":"http:\/\/www.brundisium.net\/?p=98791"},"modified":"2017-03-24T14:33:51","modified_gmt":"2017-03-24T13:33:51","slug":"questione-periferie-contributo-di-antimo-tateo","status":"publish","type":"post","link":"https:\/\/www.brundisium.net\/index.php\/questione-periferie-contributo-di-antimo-tateo\/","title":{"rendered":"Questione periferie: contributo di Antimo Tateo"},"content":{"rendered":"<p>In data 14 dicembre 2016 \u00e8 stato presentato ed approvato dal consiglio comunale di Brindisi il seguente ordine del giorno:<br \/>\n<em><strong>Ordine del Giorno presentato da MAURO D&#8217;ATTIS:&#8221; Accettazione da parte del Comune della cessione di Via dei Falegnami e Via Sarti, denominate &#8220;Localit\u00e0 Schiavone&#8221; con conseguente realizzazione marciapiedi, rifacimento manto stradale ed illuminazione pubblica&#8221;.<\/strong><\/em><\/p>\n<p>&nbsp;<br \/>\nEntrando nel merito dell\u2019ordine del giorno approvato \u00e8 possibile affermare che un grosso passo in avanti sia stato compiuto rispetto al passato; non soltanto in virt\u00f9 degli impegni presi dall\u2019amministrazione comunale ma soprattutto per aver finalmente acceso un faro sulle contrade periferiche e sulle problematiche che le affliggono.<br \/>\nDi fatto la proposta originale presentata dal consigliere Mauro D\u2019Attis che contemplava la cessione e dunque manutenzione delle vie \u201cDei Falegnami\u201d e \u201cDei Sarti\u201d \u00e8 stata modificata dal consigliere Luciano Loiacono estendendo la proposta a tutte le strade delle contrade periferiche.<br \/>\nLa delibera \u00e8 stata pubblicata sull\u2019albo pretorio del comune ed \u00e8 consultabile al seguente<a href=\"http:\/\/www.comune.brindisi.it\/brindisi\/zf\/index.php\/atti-amministrativi\/delibere\/dettaglio\/atto\/GTVRnMkU5az0-H\"> link<\/a>.<br \/>\nLa strada da fare \u00e8 ancora lunga e numerosi sono gli atti e le carte da produrre per giungere finalmente agli interventi di recupero delle aree ma con una seria progettualit\u00e0 e riuscendo a cogliere le opportunit\u00e0 che i bandi per le province possono offrire \u00e8 possibile pianificare un intervento completo.<\/p>\n<p>L\u2019ultimo bando a cui ha partecipato il comune \u00e8 gi\u00e0 stato destinato ad altre attivit\u00e0 ma confidiamo che possa essere presentato un valido progetto di recupero delle periferie in occasioni future.<br \/>\nNon \u00e8 ipotizzabile sperare in un intervento cos\u00ec drastico e incisivo in tempi brevi e senza adeguate verifiche in loco ma bisogna muoversi preventivamente per non essere impreparati nell\u2019eventualit\u00e0 di finanziamenti a venire.<br \/>\nLa questione dei fondi da impiegare \u00e8 centrale ed \u00e8 doveroso aprire una parentesi.<br \/>\nNella delibera si fa riferimento alla possibilit\u00e0 di versare ulteriori somme da parte dei residenti pur sottolineando la possibilit\u00e0 che i conguagli degli oneri siano ormai prescritti.<br \/>\nSicuramente il rifacimento di strade, marciapiedi e la realizzazione di sistemi di illuminazione pubblica comportano un esborso monetario non indifferente ed \u00e8 certo che oggi il comune abbia grande difficolt\u00e0 ad impegnare tali risorse. Altrettanto evidente \u00e8 per\u00f2 il rischio che la definizione delle patiche di condono, le pi\u00f9 vecchie delle quali risalgono al 1985, possano andare in contro a contenziosi a causa delle tempistiche eccessivamente lunghe con le quali l\u2019ente richiederebbe le liquidazioni. Senza considerare le quote gi\u00e0 versate in diversi acconti dai cittadini e i vari interventi finanziati da poche famiglie che si sono fatte carico di esborsi notevoli nel corso degli ultimi anni.<br \/>\nLa contrapposizione che potrebbe instaurarsi tra ente e residenti aprirebbe questioni che possono ritardare ulteriormente qualsiasi piano di intervento si possa ipotizzare.<br \/>\nPer evitare che si possa rimandare ulteriormente l\u2019avvio di un serio confronto tra le parti \u00e8 indispensabile che l\u2019ente comunale si assuma importanti responsabilit\u00e0. Non sar\u00e0 certamente facile riprogettare strade, strutture e impianti ma con lo sforzo comune di tecnici, amministratori e residenti si pu\u00f2 attivare un processo forte che pu\u00f2 riqualificare una parte di Brindisi che ha enormi potenzialit\u00e0 anche per via dell\u2019ubicazione strategica che possiede essendo il punto di ingresso per tutti coloro che giungono dal sud della provincia.<br \/>\nLa maggiore difficolt\u00e0 dipende dalla capacit\u00e0 di reperire le risorse necessarie cercando di non gravare in maniera eccessiva sui residenti. Cogliendo e sapendo sfruttare ogni opportunit\u00e0 che i finanziamenti pubblici possono offrire e gestendo in maniera oculata le risorse che si potranno reperire \u00e8 plausibile immaginare una serie di interventi che oltre ad urbanizzare definitivamente l\u2019area possono portare un maggiore beneficio per i quartieri limitrofi e per la citt\u00e0.<br \/>\nFacendo riferimento ai bandi per la mobilit\u00e0 alternativa o ai gi\u00e0 citati bandi per la riqualificazione delle periferie \u00e8 possibile concepire uno sviluppo non solo in termini urbanistici ma anche di verde pubblico e nuovi circuiti per gli amanti del fitness e delle attivit\u00e0 sulle due ruote.<br \/>\nLa realizzazione di aree verdi attrezzate e il prolungamento dell\u2019attuale pista ciclabile sarebbero solo alcuni degli interventi migliorativi che si potrebbero realizzare.<br \/>\nLa foto che segue rappresenta il perimetro di una ipotetica area adibita a parco:<\/p>\n<p><a href=\"http:\/\/www.brundisium.net\/index.php\/questione-periferie-contributo-di-antimo-tateo\/periferie-tateo-1\/\" rel=\"attachment wp-att-98793\"><img loading=\"lazy\" decoding=\"async\" class=\"aligncenter size-full wp-image-98793\" src=\"http:\/\/www.brundisium.net\/brun\/wp-content\/uploads\/2017\/03\/periferie-tateo-1.jpg\" alt=\"\" width=\"593\" height=\"580\" srcset=\"https:\/\/www.brundisium.net\/brun\/wp-content\/uploads\/2017\/03\/periferie-tateo-1.jpg 593w, https:\/\/www.brundisium.net\/brun\/wp-content\/uploads\/2017\/03\/periferie-tateo-1-300x293.jpg 300w, https:\/\/www.brundisium.net\/brun\/wp-content\/uploads\/2017\/03\/periferie-tateo-1-60x60.jpg 60w\" sizes=\"auto, (max-width: 593px) 100vw, 593px\" \/><\/a><\/p>\n<p>&nbsp;<\/p>\n<p>E questo il circuito che si potrebbe realizzare per congiungere la pista ciclabile gi\u00e0 esistente (in verde) con una nuova pista perimetrale al quartiere Sant\u2019Elia (in rosso).<\/p>\n<p><a href=\"http:\/\/www.brundisium.net\/index.php\/questione-periferie-contributo-di-antimo-tateo\/periferie-tateo-2\/\" rel=\"attachment wp-att-98792\"><img loading=\"lazy\" decoding=\"async\" class=\"aligncenter size-full wp-image-98792\" src=\"http:\/\/www.brundisium.net\/brun\/wp-content\/uploads\/2017\/03\/periferie-tateo-2.jpg\" alt=\"\" width=\"646\" height=\"286\" srcset=\"https:\/\/www.brundisium.net\/brun\/wp-content\/uploads\/2017\/03\/periferie-tateo-2.jpg 646w, https:\/\/www.brundisium.net\/brun\/wp-content\/uploads\/2017\/03\/periferie-tateo-2-300x133.jpg 300w\" sizes=\"auto, (max-width: 646px) 100vw, 646px\" \/><\/a><\/p>\n<p>&nbsp;<\/p>\n<p>Sicuramente \u00e8 necessario partire dagli interventi necessari ma \u00e8 auspicabile che si possano realizzare anche interventi di riqualificazione sociale quali possono essere parchi e circuiti come quelli ipotizzati.<br \/>\nNon \u00e8 ancora stato possibile costituire un comitato di residenti, pur riconoscendo la necessit\u00e0 e l\u2019utilit\u00e0 di un\u2019associazione occorre investire del tempo e attivare l\u2019iter di costituzione ma c\u2019\u00e8 la chiara volont\u00e0 delle contrade di partecipare attivamente ai lavori di riqualificazione.<br \/>\nPer comunicare velocemente con tutti gli interessati invier\u00f2 aggiornamenti e notizie utili alle testate locali che ringrazio sempre per la sensibilit\u00e0 dimostrata rispetto al tema, oltre a proporli sui social network. Prego voler dare evidenza di inesattezze o eventuali integrazioni utili a definire meglio lo stato delle cose.<\/p>\n<p>&nbsp;<\/p>\n<p><em><strong>Antimo Tateo<\/strong><\/em><\/p>\n","protected":false},"excerpt":{"rendered":"<p>In data 14 dicembre 2016 \u00e8 stato presentato ed approvato dal consiglio comunale di Brindisi il seguente ordine del giorno: Ordine del Giorno presentato da MAURO D&#8217;ATTIS:&#8221; Accettazione da parte del Comune della cessione di Via dei Falegnami e Via Sarti, denominate &#8220;Localit\u00e0 Schiavone&#8221; con conseguente realizzazione marciapiedi, rifacimento manto stradale ed illuminazione pubblica&#8221;. &nbsp; Entrando nel merito dell\u2019ordine del giorno approvato \u00e8 possibile affermare che un grosso passo in avanti sia stato compiuto rispetto al passato; non soltanto in virt\u00f9 degli impegni presi dall\u2019amministrazione comunale ma soprattutto per aver finalmente acceso un faro sulle contrade periferiche e sulle problematiche che le affliggono. Di fatto la proposta originale presentata dal consigliere Mauro D\u2019Attis che contemplava la cessione e dunque manutenzione delle vie \u201cDei Falegnami\u201d e \u201cDei Sarti\u201d \u00e8 stata modificata dal consigliere Luciano Loiacono estendendo la proposta a tutte le strade delle contrade periferiche. La delibera \u00e8 stata pubblicata sull\u2019albo pretorio del comune ed \u00e8 consultabile al seguente link. La strada da fare \u00e8 ancora lunga e numerosi sono gli&#8230;<\/p>\n","protected":false},"author":2,"featured_media":98793,"comment_status":"open","ping_status":"closed","sticky":false,"template":"","format":"standard","meta":{"footnotes":""},"categories":[9],"tags":[33,3728],"class_list":["post-98791","post","type-post","status-publish","format-standard","has-post-thumbnail","hentry","category-interventi","tag-brindisi","tag-periferie"],"_links":{"self":[{"href":"https:\/\/www.brundisium.net\/index.php\/wp-json\/wp\/v2\/posts\/98791","targetHints":{"allow":["GET"]}}],"collection":[{"href":"https:\/\/www.brundisium.net\/index.php\/wp-json\/wp\/v2\/posts"}],"about":[{"href":"https:\/\/www.brundisium.net\/index.php\/wp-json\/wp\/v2\/types\/post"}],"author":[{"embeddable":true,"href":"https:\/\/www.brundisium.net\/index.php\/wp-json\/wp\/v2\/users\/2"}],"replies":[{"embeddable":true,"href":"https:\/\/www.brundisium.net\/index.php\/wp-json\/wp\/v2\/comments?post=98791"}],"version-history":[{"count":3,"href":"https:\/\/www.brundisium.net\/index.php\/wp-json\/wp\/v2\/posts\/98791\/revisions"}],"predecessor-version":[{"id":98797,"href":"https:\/\/www.brundisium.net\/index.php\/wp-json\/wp\/v2\/posts\/98791\/revisions\/98797"}],"wp:featuredmedia":[{"embeddable":true,"href":"https:\/\/www.brundisium.net\/index.php\/wp-json\/wp\/v2\/media\/98793"}],"wp:attachment":[{"href":"https:\/\/www.brundisium.net\/index.php\/wp-json\/wp\/v2\/media?parent=98791"}],"wp:term":[{"taxonomy":"category","embeddable":true,"href":"https:\/\/www.brundisium.net\/index.php\/wp-json\/wp\/v2\/categories?post=98791"},{"taxonomy":"post_tag","embeddable":true,"href":"https:\/\/www.brundisium.net\/index.php\/wp-json\/wp\/v2\/tags?post=98791"}],"curies":[{"name":"wp","href":"https:\/\/api.w.org\/{rel}","templated":true}]}}