{"id":98799,"date":"2017-03-22T17:45:25","date_gmt":"2017-03-22T16:45:25","guid":{"rendered":"http:\/\/www.brundisium.net\/?p=98799"},"modified":"2017-03-22T20:08:19","modified_gmt":"2017-03-22T19:08:19","slug":"presentato-a-san-pietro-il-comitato-cittadino-di-fratelli-ditaliaan","status":"publish","type":"post","link":"https:\/\/www.brundisium.net\/index.php\/presentato-a-san-pietro-il-comitato-cittadino-di-fratelli-ditaliaan\/","title":{"rendered":"Presentato a San Pietro il comitato cittadino di Fratelli d\u2019Italia\/AN"},"content":{"rendered":"<p>Si \u00e8 svolta ieri sera presso l\u2019aula consiliare di San Pietro Vernotico la presentazione ufficiale del Partito Cittadino di Fratelli d\u2019Italia. L\u2019assemblea \u2013 dibattito presentata e introdotta dal coordinatore cittadino Franco Negro, ha visto la partecipazione del Senatore Michele Saccomanno, del coordinatore provinciale del Partito Luciano Cavaliere, del Sindaco di San Pietro Vernotico Maurizio Renna, del responsabile provinciale del Dipartimento Sicurezza del partito Vincenzo Negro e del coordinatore cittadino Cosimo Fiorentino, oltre che di numerose forze politiche locali.<\/p>\n<p>&nbsp;<br \/>\nSe pur in breve tempo, sono state affrontate tematiche di rilevante importanza sociale, una per tutte, l\u2019ultimo atto della chiusura e riconversione del locale ospedale Ninetto Melli. In merito a ci\u00f2 \u00e8 stato ribadito da parte del Sen. Saccomanno che, ci\u00f2 che oggi fattivamente sta accadendo, \u00e8 il frutto di decisioni e Governi succedutisi in questo ultimo ventennio, allorquando la legiferazione prodotta, \u201cavanzava inesorabilmente\u201d, culminando oggi con l\u2019ultimo atto giuridico a suo tempo sancito.<\/p>\n<p>&nbsp;<br \/>\nIn tal proposito il Sindaco Maurizio Renna, ha sottolineato la totale inibizione giuridica nel poter salvare una situazione divenuta ormai titolo esecutivo a tutti gli effetti di Legge, proponendo per\u00f2 mirate richieste e soluzioni da porre all\u2019attenzione della Regione Puglia, al fine di utilizzare al meglio le restanti risorse in favore dello sviluppo sociale e produttivo del territorio.<\/p>\n<p>&nbsp;<br \/>\nIl Coordinatore Provinciale Luciano Cavaliere ha sottolineato l\u2019importanza dell\u2019attivit\u00e0 politica territoriale che, deve trovare i giusti mezzi di raggiungimento degli obiettivi, se pur in una condizione di sfavorevole quadro normativo, avanzando proposte atte al rafforzamento del tessuto sociale, riconoscendolo quale unica prerogativa istituzionale rispetto agli interessi individuali.<\/p>\n<p>&nbsp;<br \/>\nIl Coordinatore Provinciale del Dipartimento Sicurezza Vincenzo Negro, ha sottolineato l\u2019importanza di quel senso di legalit\u00e0 che tutti i cittadini devono avvertire, ricordando l\u2019esemplare risultato raggiunto nei primi anni 90, dal coraggio degli allora amministratori locali e forze sociali, costituendo la prima associazione antiracket della provincia di Brindisi, articolato processo dai ben noti risultati conseguiti. Si auspica quindi, in ricordo di quel momento storico, una contiguit\u00e0 Istituzionale, di forza sociale, legalit\u00e0 e senso di sicurezza da sempre appartenuta a questa citt\u00e0.<\/p>\n<p>&nbsp;<br \/>\n<em><strong>Fratelli d\u2019Italia \u2013 Alleanza Nazionale<\/strong><\/em><br \/>\n<em><strong>Coordinamento Cittadino San Pietro Vernotico<\/strong><\/em><br \/>\n<em><strong> Coordinamento Provinciale Brindisi<\/strong><\/em><\/p>\n","protected":false},"excerpt":{"rendered":"<p>Si \u00e8 svolta ieri sera presso l\u2019aula consiliare di San Pietro Vernotico la presentazione ufficiale del Partito Cittadino di Fratelli d\u2019Italia. L\u2019assemblea \u2013 dibattito presentata e introdotta dal coordinatore cittadino Franco Negro, ha visto la partecipazione del Senatore Michele Saccomanno, del coordinatore provinciale del Partito Luciano Cavaliere, del Sindaco di San Pietro Vernotico Maurizio Renna, del responsabile provinciale del Dipartimento Sicurezza del partito Vincenzo Negro e del coordinatore cittadino Cosimo Fiorentino, oltre che di numerose forze politiche locali. &nbsp; Se pur in breve tempo, sono state affrontate tematiche di rilevante importanza sociale, una per tutte, l\u2019ultimo atto della chiusura e riconversione del locale ospedale Ninetto Melli. In merito a ci\u00f2 \u00e8 stato ribadito da parte del Sen. Saccomanno che, ci\u00f2 che oggi fattivamente sta accadendo, \u00e8 il frutto di decisioni e Governi succedutisi in questo ultimo ventennio, allorquando la legiferazione prodotta, \u201cavanzava inesorabilmente\u201d, culminando oggi con l\u2019ultimo atto giuridico a suo tempo sancito. &nbsp; In tal proposito il Sindaco Maurizio Renna, ha sottolineato la totale inibizione giuridica nel poter salvare&#8230;<\/p>\n","protected":false},"author":2,"featured_media":98801,"comment_status":"open","ping_status":"closed","sticky":false,"template":"","format":"standard","meta":{"footnotes":""},"categories":[7],"tags":[3726],"class_list":["post-98799","post","type-post","status-publish","format-standard","has-post-thumbnail","hentry","category-news","tag-fdian"],"_links":{"self":[{"href":"https:\/\/www.brundisium.net\/index.php\/wp-json\/wp\/v2\/posts\/98799","targetHints":{"allow":["GET"]}}],"collection":[{"href":"https:\/\/www.brundisium.net\/index.php\/wp-json\/wp\/v2\/posts"}],"about":[{"href":"https:\/\/www.brundisium.net\/index.php\/wp-json\/wp\/v2\/types\/post"}],"author":[{"embeddable":true,"href":"https:\/\/www.brundisium.net\/index.php\/wp-json\/wp\/v2\/users\/2"}],"replies":[{"embeddable":true,"href":"https:\/\/www.brundisium.net\/index.php\/wp-json\/wp\/v2\/comments?post=98799"}],"version-history":[{"count":1,"href":"https:\/\/www.brundisium.net\/index.php\/wp-json\/wp\/v2\/posts\/98799\/revisions"}],"predecessor-version":[{"id":98803,"href":"https:\/\/www.brundisium.net\/index.php\/wp-json\/wp\/v2\/posts\/98799\/revisions\/98803"}],"wp:featuredmedia":[{"embeddable":true,"href":"https:\/\/www.brundisium.net\/index.php\/wp-json\/wp\/v2\/media\/98801"}],"wp:attachment":[{"href":"https:\/\/www.brundisium.net\/index.php\/wp-json\/wp\/v2\/media?parent=98799"}],"wp:term":[{"taxonomy":"category","embeddable":true,"href":"https:\/\/www.brundisium.net\/index.php\/wp-json\/wp\/v2\/categories?post=98799"},{"taxonomy":"post_tag","embeddable":true,"href":"https:\/\/www.brundisium.net\/index.php\/wp-json\/wp\/v2\/tags?post=98799"}],"curies":[{"name":"wp","href":"https:\/\/api.w.org\/{rel}","templated":true}]}}