{"id":9883,"date":"2014-04-01T14:00:49","date_gmt":"2014-04-01T12:00:49","guid":{"rendered":"http:\/\/www.brundisium.net\/brun\/?p=9883"},"modified":"2014-04-04T08:17:46","modified_gmt":"2014-04-04T06:17:46","slug":"snim-attivata-importante-collaborazione-con-la-fiera-del-levante","status":"publish","type":"post","link":"https:\/\/www.brundisium.net\/index.php\/snim-attivata-importante-collaborazione-con-la-fiera-del-levante\/","title":{"rendered":"Snim: attivata importante collaborazione con la Fiera del Levante"},"content":{"rendered":"<p>Snim e Fiera del Levante insieme per la nuova edizione del Salone della nautica di Puglia. Un importante accordo \u00e8 stato siglato tra i due sistemi fieristici per organizzare un grande evento legato all\u2019economia del mare. La XII edizione del Salone nautico, che si svolger\u00e0 a Brindisi sul lungomare Regina Margherita dal 30 aprile al 4 maggio, vedr\u00e0 come parte attiva questa sinergia che vuol essere un primo passo verso un progetto pi\u00f9 ampio dedicato ad uno dei settori trainanti l\u2019economica pugliese.<\/p>\n<p>&nbsp;<\/p>\n<p><span style=\"font-size: 14px; line-height: 1.5em;\">Soddisfatto il presidente dello Snim, Giuseppe Meo. \u201cAbbiamo sempre creduto in questa manifestazione &#8211; spiega Meo- che costituisce una grande opportunit\u00e0 per il territorio pugliese. L\u2019accordo con la Fiera del Levante dimostra che finalmente si pu\u00f2 fare sistema anche in questo comparto. L\u2019edizione di quest\u2019anno \u00e8 solo propedeutica ad un progetto pi\u00f9 ampio\u201d.<\/span><\/p>\n<p>&nbsp;<\/p>\n<p>&nbsp;<\/p>\n<p>Anche il presidente della Fiera del Levante, Ugo Patroni Griffi non nasconde la sua soddisfazione: \u201cquesta\u00a0partnership operativa pu\u00f2 essere vantaggiosa sia per Bari, sia per Brindisi, in quanto sar\u00e0 l\u2019occasione per sperimentare nuove formule che mettono insieme prodotti, servizi ed esperienze delle nostre due realt\u00e0 fieristiche attorno al tema del mare\u201d.<\/p>\n<p>&nbsp;<\/p>\n<p>\u201cUnioncamere Puglia \u2013 commenta il presidente Alessandro Ambrosi \u2013 da un paio d\u2019anni dedica il suo padiglione istituzionale alla Fdl all\u2019economia del mare, in tutte le sue componenti. Crediamo che la Puglia possa diventare un vero e proprio laboratorio nazionale per ripensare in modo moderno, innovativo ed economicamente pi\u00f9 rilevante ai tanti tesori del nostro mare\u201d.<\/p>\n<p>&nbsp;<\/p>\n<p>Dettagli sui contenuti di questa collaborazione saranno resi noti in una conferenza stampa organizzata per il 15 aprile prossimo a Bari alla Fiera del Levante.<\/p>\n<p>&nbsp;<\/p>\n<p>Il Salone della nautica di Puglia \u00e8 da anni un importante punto di riferimento per i buyer del settore. Ha registrato la presenza media di 120 aziende che hanno scelto la fiera per esporre i loro prodotti, con una media di 30 mila visitatori ad edizione. Lo scorso anno la manifestazione ha raggiunto il record di 100mila presenze. Importanti traguardi si intravedono anche per queste nuove edizioni caratterizzate da molte novit\u00e0.<\/p>\n<p>&nbsp;<\/p>\n<p><strong style=\"font-size: 14px; line-height: 1.5em;\">COMUNICATO STAMPA SNIM<\/strong><\/p>\n","protected":false},"excerpt":{"rendered":"<p>Snim e Fiera del Levante insieme per la nuova edizione del Salone della nautica di Puglia. Un importante accordo \u00e8 stato siglato tra i due sistemi fieristici per organizzare un grande evento legato all\u2019economia del mare. La XII edizione del Salone nautico, che si svolger\u00e0 a Brindisi sul lungomare Regina Margherita dal 30 aprile al 4 maggio, vedr\u00e0 come parte attiva questa sinergia che vuol essere un primo passo verso un progetto pi\u00f9 ampio dedicato ad uno dei settori trainanti l\u2019economica pugliese. &nbsp; Soddisfatto il presidente dello Snim, Giuseppe Meo. \u201cAbbiamo sempre creduto in questa manifestazione &#8211; spiega Meo- che costituisce una grande opportunit\u00e0 per il territorio pugliese. L\u2019accordo con la Fiera del Levante dimostra che finalmente si pu\u00f2 fare sistema anche in questo comparto. L\u2019edizione di quest\u2019anno \u00e8 solo propedeutica ad un progetto pi\u00f9 ampio\u201d. &nbsp; &nbsp; Anche il presidente della Fiera del Levante, Ugo Patroni Griffi non nasconde la sua soddisfazione: \u201cquesta\u00a0partnership operativa pu\u00f2 essere vantaggiosa sia per Bari, sia per Brindisi, in quanto sar\u00e0 l\u2019occasione per sperimentare&#8230;<\/p>\n","protected":false},"author":2,"featured_media":9884,"comment_status":"open","ping_status":"open","sticky":false,"template":"","format":"standard","meta":{"footnotes":""},"categories":[7],"tags":[],"class_list":["post-9883","post","type-post","status-publish","format-standard","has-post-thumbnail","hentry","category-news"],"_links":{"self":[{"href":"https:\/\/www.brundisium.net\/index.php\/wp-json\/wp\/v2\/posts\/9883","targetHints":{"allow":["GET"]}}],"collection":[{"href":"https:\/\/www.brundisium.net\/index.php\/wp-json\/wp\/v2\/posts"}],"about":[{"href":"https:\/\/www.brundisium.net\/index.php\/wp-json\/wp\/v2\/types\/post"}],"author":[{"embeddable":true,"href":"https:\/\/www.brundisium.net\/index.php\/wp-json\/wp\/v2\/users\/2"}],"replies":[{"embeddable":true,"href":"https:\/\/www.brundisium.net\/index.php\/wp-json\/wp\/v2\/comments?post=9883"}],"version-history":[{"count":1,"href":"https:\/\/www.brundisium.net\/index.php\/wp-json\/wp\/v2\/posts\/9883\/revisions"}],"predecessor-version":[{"id":9885,"href":"https:\/\/www.brundisium.net\/index.php\/wp-json\/wp\/v2\/posts\/9883\/revisions\/9885"}],"wp:featuredmedia":[{"embeddable":true,"href":"https:\/\/www.brundisium.net\/index.php\/wp-json\/wp\/v2\/media\/9884"}],"wp:attachment":[{"href":"https:\/\/www.brundisium.net\/index.php\/wp-json\/wp\/v2\/media?parent=9883"}],"wp:term":[{"taxonomy":"category","embeddable":true,"href":"https:\/\/www.brundisium.net\/index.php\/wp-json\/wp\/v2\/categories?post=9883"},{"taxonomy":"post_tag","embeddable":true,"href":"https:\/\/www.brundisium.net\/index.php\/wp-json\/wp\/v2\/tags?post=9883"}],"curies":[{"name":"wp","href":"https:\/\/api.w.org\/{rel}","templated":true}]}}