{"id":98966,"date":"2017-03-24T14:57:35","date_gmt":"2017-03-24T13:57:35","guid":{"rendered":"http:\/\/www.brundisium.net\/?p=98966"},"modified":"2017-03-24T14:57:56","modified_gmt":"2017-03-24T13:57:56","slug":"mercoledi-a-mesagne-si-inaugura-il-museo-di-arte-sacra-cavaliere-argentiero","status":"publish","type":"post","link":"https:\/\/www.brundisium.net\/index.php\/mercoledi-a-mesagne-si-inaugura-il-museo-di-arte-sacra-cavaliere-argentiero\/","title":{"rendered":"Mercoled\u00ec a Mesagne si inaugura il Museo di Arte Sacra &#8220;Cavaliere-Argentiero&#8221;"},"content":{"rendered":"<p>Mercoled\u00ec 29 Marzo, alle ore 17.00, sar\u00e0 inaugurato il Museo di Arte Sacra &#8220;Cavaliere-Argentiero&#8221; di Piazza Orsini del Balzo a Mesagne.<\/p>\n<p>&nbsp;<\/p>\n<p>La cerimonia avr\u00e0 inizio presso la Chiesa di Sant\u2019Anna (Piazza Orsini Del Balzo) e si concluder\u00e0 con la visita del Museo.<\/p>\n<p>&nbsp;<\/p>\n<p>Presenzier\u00e0 Mons. Domenico Caliandro, Arcivescovo di Brindisi-Ostuni.<\/p>\n<p>&nbsp;<\/p>\n<p>Previsti gli interventi di:<br \/>\n&#8211; Don Gianluca Carriero, arciprete della Chiesa Madre di Mesagne<br \/>\n&#8211; Madre Maria Pia Melchiorre, abbadessa del Monastero Benedettino di S. Pietro di Ostuni<br \/>\n&#8211; Avv. Mario Sconosciuto, delegato del Monastero per il progetto<br \/>\n&#8211; Dott.ssa Katiuscia Di Rocco, direttrice della Biblioteca Arcivescovile \u201cA. De Leo\u201d di Brindisi<\/p>\n","protected":false},"excerpt":{"rendered":"<p>Mercoled\u00ec 29 Marzo, alle ore 17.00, sar\u00e0 inaugurato il Museo di Arte Sacra &#8220;Cavaliere-Argentiero&#8221; di Piazza Orsini del Balzo a Mesagne. &nbsp; La cerimonia avr\u00e0 inizio presso la Chiesa di Sant\u2019Anna (Piazza Orsini Del Balzo) e si concluder\u00e0 con la visita del Museo. &nbsp; Presenzier\u00e0 Mons. Domenico Caliandro, Arcivescovo di Brindisi-Ostuni. &nbsp; Previsti gli interventi di: &#8211; Don Gianluca Carriero, arciprete della Chiesa Madre di Mesagne &#8211; Madre Maria Pia Melchiorre, abbadessa del Monastero Benedettino di S. Pietro di Ostuni &#8211; Avv. Mario Sconosciuto, delegato del Monastero per il progetto &#8211; Dott.ssa Katiuscia Di Rocco, direttrice della Biblioteca Arcivescovile \u201cA. De Leo\u201d di Brindisi<\/p>\n","protected":false},"author":2,"featured_media":98967,"comment_status":"open","ping_status":"closed","sticky":false,"template":"","format":"standard","meta":{"footnotes":""},"categories":[7],"tags":[210,3738],"class_list":["post-98966","post","type-post","status-publish","format-standard","has-post-thumbnail","hentry","category-news","tag-mesagne","tag-museo-di-arte-sacra"],"_links":{"self":[{"href":"https:\/\/www.brundisium.net\/index.php\/wp-json\/wp\/v2\/posts\/98966","targetHints":{"allow":["GET"]}}],"collection":[{"href":"https:\/\/www.brundisium.net\/index.php\/wp-json\/wp\/v2\/posts"}],"about":[{"href":"https:\/\/www.brundisium.net\/index.php\/wp-json\/wp\/v2\/types\/post"}],"author":[{"embeddable":true,"href":"https:\/\/www.brundisium.net\/index.php\/wp-json\/wp\/v2\/users\/2"}],"replies":[{"embeddable":true,"href":"https:\/\/www.brundisium.net\/index.php\/wp-json\/wp\/v2\/comments?post=98966"}],"version-history":[{"count":1,"href":"https:\/\/www.brundisium.net\/index.php\/wp-json\/wp\/v2\/posts\/98966\/revisions"}],"predecessor-version":[{"id":98968,"href":"https:\/\/www.brundisium.net\/index.php\/wp-json\/wp\/v2\/posts\/98966\/revisions\/98968"}],"wp:featuredmedia":[{"embeddable":true,"href":"https:\/\/www.brundisium.net\/index.php\/wp-json\/wp\/v2\/media\/98967"}],"wp:attachment":[{"href":"https:\/\/www.brundisium.net\/index.php\/wp-json\/wp\/v2\/media?parent=98966"}],"wp:term":[{"taxonomy":"category","embeddable":true,"href":"https:\/\/www.brundisium.net\/index.php\/wp-json\/wp\/v2\/categories?post=98966"},{"taxonomy":"post_tag","embeddable":true,"href":"https:\/\/www.brundisium.net\/index.php\/wp-json\/wp\/v2\/tags?post=98966"}],"curies":[{"name":"wp","href":"https:\/\/api.w.org\/{rel}","templated":true}]}}