{"id":98972,"date":"2017-03-24T14:41:35","date_gmt":"2017-03-24T13:41:35","guid":{"rendered":"http:\/\/www.brundisium.net\/?p=98972"},"modified":"2017-03-24T14:58:08","modified_gmt":"2017-03-24T13:58:08","slug":"i-riti-della-semana-santa-lunedi-27-ad-ostuni-la-lettura-di-viacrucis-terraterra","status":"publish","type":"post","link":"https:\/\/www.brundisium.net\/index.php\/i-riti-della-semana-santa-lunedi-27-ad-ostuni-la-lettura-di-viacrucis-terraterra\/","title":{"rendered":"I Riti della Semana Santa: luned\u00ec 27 ad Ostuni la lettura di &#8220;Viacrucis terraterra&#8221;"},"content":{"rendered":"<p>Il gruppo MEIC di Ostuni, la Confraternita del Carmine, il giornale &#8220;Il Monte del Carmelo&#8221; e l&#8217;Associazione Culturale &#8220;Citt\u00e0 Viva&#8221;, con la collaborazione del Presid\u00eco del Libro di Ostuni, sono lieti di ospitare luned\u00ec 27 marzo alle 19,00, presso la Chiesa del Carmine, la lettura scenica &#8220;Viacrucis terraterra&#8221;, del noto scrittore e giornalista Lino Angiuli, con la regia di Lino Di Turi.<\/p>\n<p>&nbsp;<\/p>\n<p>\u00abIl gran teatro della via Crucis ha strappato parole di bocca a tanti poeti. Dal teatro montano del Sacro Monte di Varallo, sopra Varese, che fece scrivere Testori, alle sculture in Brasile dell&#8217;Aleijadinho che Ungaretti chiamava il Michelangelo della Minas Gerais. E ora arriva &#8220;Nennella&#8221; la serva, e arrivano le altre voci, le imprecazioni, gli sconforti che Angiuli porta in scena, in un lessico arcaico e presentissimo, in una lingua locale e universale per la spezia di dolore e invenzione da cui \u00e8 segnata\u00bb (dalla Prefazione di Davide Rondoni). Una sacra rappresentazione &#8220;terraterra&#8221;, mistica e popolare, che in 14 stazioni inscena il punto di vista di uno spettatore occasionale &#8211; uno qualunque, di passaggio -, ma capace di guardare con cuore e occhi spalancati alla passione di un Innocente.<\/p>\n<p>&nbsp;<\/p>\n<p>Il testo, uscito di recente per i tipi delle Edizioni di pagina di Bari con il titolo \u201cviacrucis terraterra\u201d, \u00e8 articolato in due voci (una in prosa e l\u2019altra in versi) e si presta ad essere proposto attraverso una performance che sta tra l\u2019oratorio e la lettura scenica, svolta dallo stesso autore e dal suo storico sodale, l\u2019uomo di teatro Lino Di Turi.<\/p>\n<p>&nbsp;<\/p>\n<p>Lungo un corridoio luminoso con lenti spostamenti, i due lettori, introdotti da breve cornice musicale, leggeranno, alternandosi, brani testuali tratti dal libro, collocati su 14 leggii corrispondenti alle quattordici \u201cstazioni\u201d.<\/p>\n<p>&nbsp;<\/p>\n<p>La serata sar\u00e0 presentata da Ferdinando Sallustio.<\/p>\n<p>&nbsp;<\/p>\n<p>&nbsp;<\/p>\n<p>L&#8217;evento aprir\u00e0 la mostra &#8220;I Riti della Semana Santa &#8211; Ostuni incontra Siviglia&#8221;. Sar\u00e0 possibile ammirare nuovamente dopo parecchio tempo le statue processionali (&#8220;Misteri&#8221;) della Confraternita. Inoltre saranno esposti numerosi scatti fotografici sulla suggestiva Settimana Santa di Siviglia, celebre in tutto il mondo. La mostra avr\u00e0 luogo nella stessa Chiesa del Carmine e sar\u00e0 accessibile al pubblico tutti i giorni dalle 18,00 alle 20,00 a partire dal 27 marzo stesso fino al 20 aprile.<\/p>\n","protected":false},"excerpt":{"rendered":"<p>Il gruppo MEIC di Ostuni, la Confraternita del Carmine, il giornale &#8220;Il Monte del Carmelo&#8221; e l&#8217;Associazione Culturale &#8220;Citt\u00e0 Viva&#8221;, con la collaborazione del Presid\u00eco del Libro di Ostuni, sono lieti di ospitare luned\u00ec 27 marzo alle 19,00, presso la Chiesa del Carmine, la lettura scenica &#8220;Viacrucis terraterra&#8221;, del noto scrittore e giornalista Lino Angiuli, con la regia di Lino Di Turi. &nbsp; \u00abIl gran teatro della via Crucis ha strappato parole di bocca a tanti poeti. Dal teatro montano del Sacro Monte di Varallo, sopra Varese, che fece scrivere Testori, alle sculture in Brasile dell&#8217;Aleijadinho che Ungaretti chiamava il Michelangelo della Minas Gerais. E ora arriva &#8220;Nennella&#8221; la serva, e arrivano le altre voci, le imprecazioni, gli sconforti che Angiuli porta in scena, in un lessico arcaico e presentissimo, in una lingua locale e universale per la spezia di dolore e invenzione da cui \u00e8 segnata\u00bb (dalla Prefazione di Davide Rondoni). Una sacra rappresentazione &#8220;terraterra&#8221;, mistica e popolare, che in 14 stazioni inscena il punto di vista di uno&#8230;<\/p>\n","protected":false},"author":2,"featured_media":98973,"comment_status":"open","ping_status":"closed","sticky":false,"template":"","format":"standard","meta":{"footnotes":""},"categories":[7],"tags":[3581,3740,3739],"class_list":["post-98972","post","type-post","status-publish","format-standard","has-post-thumbnail","hentry","category-news","tag-meic","tag-ostun","tag-semana-santa"],"_links":{"self":[{"href":"https:\/\/www.brundisium.net\/index.php\/wp-json\/wp\/v2\/posts\/98972","targetHints":{"allow":["GET"]}}],"collection":[{"href":"https:\/\/www.brundisium.net\/index.php\/wp-json\/wp\/v2\/posts"}],"about":[{"href":"https:\/\/www.brundisium.net\/index.php\/wp-json\/wp\/v2\/types\/post"}],"author":[{"embeddable":true,"href":"https:\/\/www.brundisium.net\/index.php\/wp-json\/wp\/v2\/users\/2"}],"replies":[{"embeddable":true,"href":"https:\/\/www.brundisium.net\/index.php\/wp-json\/wp\/v2\/comments?post=98972"}],"version-history":[{"count":1,"href":"https:\/\/www.brundisium.net\/index.php\/wp-json\/wp\/v2\/posts\/98972\/revisions"}],"predecessor-version":[{"id":98974,"href":"https:\/\/www.brundisium.net\/index.php\/wp-json\/wp\/v2\/posts\/98972\/revisions\/98974"}],"wp:featuredmedia":[{"embeddable":true,"href":"https:\/\/www.brundisium.net\/index.php\/wp-json\/wp\/v2\/media\/98973"}],"wp:attachment":[{"href":"https:\/\/www.brundisium.net\/index.php\/wp-json\/wp\/v2\/media?parent=98972"}],"wp:term":[{"taxonomy":"category","embeddable":true,"href":"https:\/\/www.brundisium.net\/index.php\/wp-json\/wp\/v2\/categories?post=98972"},{"taxonomy":"post_tag","embeddable":true,"href":"https:\/\/www.brundisium.net\/index.php\/wp-json\/wp\/v2\/tags?post=98972"}],"curies":[{"name":"wp","href":"https:\/\/api.w.org\/{rel}","templated":true}]}}