{"id":99009,"date":"2017-03-25T01:36:38","date_gmt":"2017-03-25T00:36:38","guid":{"rendered":"http:\/\/www.brundisium.net\/?p=99009"},"modified":"2017-03-26T10:54:06","modified_gmt":"2017-03-26T08:54:06","slug":"buone-notizie-per-adriana-torna-in-liberta-la-trans-detenuta-nel-cie-di-restinco","status":"publish","type":"post","link":"https:\/\/www.brundisium.net\/index.php\/buone-notizie-per-adriana-torna-in-liberta-la-trans-detenuta-nel-cie-di-restinco\/","title":{"rendered":"Buone notizie per Adriana: torna in libert\u00e0 la trans detenuta nel Cie di Restinco"},"content":{"rendered":"<p>Buone notizie per Adriana, la trans brasiliana che dal 24 gennaio scorso era trattenuta nel Cie di Restinco, alle porte di Brindisi.<\/p>\n<p>Il tribunale di Napoli le ha concesso un permesso di soggiorno di sei mesi, in attesa che sia analizzata la sua richiesta di protezione umanitaria.<\/p>\n<p>Del caso di Adriana si erano occupati tutti i mezzi di informazioni nazionali dopo che la transgender aveva iniziato lo sciopero della fame per chiedere di essere trasferita in un reparto femminile.<\/p>\n<p>Era stato il MIT (Movimento Identit\u00e0 Transessuale) ad interessare l&#8217;opinione pubblica con una nota in cui si sottolineava che \u201cuna donna trans trattenuta fra centinaia di uomini sia in costante pericolo\u201d e si chiedeva che Adriana venisse immediatamente trasferita in un reparto femminile. E nel centro di Restinco, dove non esiste un reparto per donne.<\/p>\n<p>Adriana \u00e8 in Italia da 17 anni ma tre anni fa ha perso il lavoro e, quindi, non ha pi\u00f9 diritto al permesso di soggiorno. <\/p>\n<p>Dopo le polemiche, Adriana era stata trasferita in una cella di sicurezza del Cie.<\/p>\n<p>Oggi la decisione di accordare un permesso temporaneo in attesa del riconoscimento della protezione umanitaria. <\/p>\n<p>A darne notizia \u00e8 stata l\u2019avvocato Cathy Latorre che ha scritto su Facebook. \u201cHanno liberato Adriana, trattenuta da due mesi nel Cie di Brindisi. Ho pianto dalla gioia quando Adriana mi ha chiamata per dirmi che la liberavano. Vi prometto che dalla sua vicenda nascer\u00e0 una battaglia sulla detenzione delle persone in transizione, sul rispetto della loro incolumit\u00e0 e della loro identit\u00e0 di genere\u201d. <\/p>\n","protected":false},"excerpt":{"rendered":"<p>Buone notizie per Adriana, la trans brasiliana che dal 24 gennaio scorso era trattenuta nel Cie di Restinco, alle porte di Brindisi. Il tribunale di Napoli le ha concesso un permesso di soggiorno di sei mesi, in attesa che sia analizzata la sua richiesta di protezione umanitaria. Del caso di Adriana si erano occupati tutti i mezzi di informazioni nazionali dopo che la transgender aveva iniziato lo sciopero della fame per chiedere di essere trasferita in un reparto femminile. Era stato il MIT (Movimento Identit\u00e0 Transessuale) ad interessare l&#8217;opinione pubblica con una nota in cui si sottolineava che \u201cuna donna trans trattenuta fra centinaia di uomini sia in costante pericolo\u201d e si chiedeva che Adriana venisse immediatamente trasferita in un reparto femminile. E nel centro di Restinco, dove non esiste un reparto per donne. Adriana \u00e8 in Italia da 17 anni ma tre anni fa ha perso il lavoro e, quindi, non ha pi\u00f9 diritto al permesso di soggiorno. Dopo le polemiche, Adriana era stata trasferita in una cella di&#8230;<\/p>\n","protected":false},"author":2,"featured_media":98419,"comment_status":"open","ping_status":"closed","sticky":false,"template":"","format":"standard","meta":{"footnotes":""},"categories":[7],"tags":[3748,3693,3685],"class_list":["post-99009","post","type-post","status-publish","format-standard","has-post-thumbnail","hentry","category-news","tag-adriana","tag-cie","tag-trans"],"_links":{"self":[{"href":"https:\/\/www.brundisium.net\/index.php\/wp-json\/wp\/v2\/posts\/99009","targetHints":{"allow":["GET"]}}],"collection":[{"href":"https:\/\/www.brundisium.net\/index.php\/wp-json\/wp\/v2\/posts"}],"about":[{"href":"https:\/\/www.brundisium.net\/index.php\/wp-json\/wp\/v2\/types\/post"}],"author":[{"embeddable":true,"href":"https:\/\/www.brundisium.net\/index.php\/wp-json\/wp\/v2\/users\/2"}],"replies":[{"embeddable":true,"href":"https:\/\/www.brundisium.net\/index.php\/wp-json\/wp\/v2\/comments?post=99009"}],"version-history":[{"count":1,"href":"https:\/\/www.brundisium.net\/index.php\/wp-json\/wp\/v2\/posts\/99009\/revisions"}],"predecessor-version":[{"id":99011,"href":"https:\/\/www.brundisium.net\/index.php\/wp-json\/wp\/v2\/posts\/99009\/revisions\/99011"}],"wp:featuredmedia":[{"embeddable":true,"href":"https:\/\/www.brundisium.net\/index.php\/wp-json\/wp\/v2\/media\/98419"}],"wp:attachment":[{"href":"https:\/\/www.brundisium.net\/index.php\/wp-json\/wp\/v2\/media?parent=99009"}],"wp:term":[{"taxonomy":"category","embeddable":true,"href":"https:\/\/www.brundisium.net\/index.php\/wp-json\/wp\/v2\/categories?post=99009"},{"taxonomy":"post_tag","embeddable":true,"href":"https:\/\/www.brundisium.net\/index.php\/wp-json\/wp\/v2\/tags?post=99009"}],"curies":[{"name":"wp","href":"https:\/\/api.w.org\/{rel}","templated":true}]}}