{"id":99218,"date":"2017-03-28T07:54:46","date_gmt":"2017-03-28T05:54:46","guid":{"rendered":"http:\/\/www.brundisium.net\/?p=99218"},"modified":"2017-03-28T07:54:46","modified_gmt":"2017-03-28T05:54:46","slug":"a-san-michele-s-no-laboratorio-di-giornalismo-dedicato-ai-ragazzi-di-terza-media","status":"publish","type":"post","link":"https:\/\/www.brundisium.net\/index.php\/a-san-michele-s-no-laboratorio-di-giornalismo-dedicato-ai-ragazzi-di-terza-media\/","title":{"rendered":"A San Michele S.no laboratorio di giornalismo dedicato ai ragazzi di terza media"},"content":{"rendered":"<p>Al via venerd\u00ec 24 marzo nell\u2019Istituto comprensivo \u201cGiovanni XXIII\u201d di San Michele Salentino il laboratorio di giornalismo dedicato a 20 ragazzi di terza media.<br \/>\nIl corso di dodici ore \u00e8 organizzato dall\u2019Unione italiana ciechi e ipovedenti della sede di Brindisi.<\/p>\n<p>&nbsp;<br \/>\nSan Michele Salentino, 23 marzo 2017. Prender\u00e0 il via domani, venerd\u00ec 24 marzo p.v. il progetto dal titolo \u201cLaboratorio di giornalismo\u201d a cura dell\u2019UICI \u2013 Unione italiana ciechi e ipovedenti della sede provinciale di Brindisi destinato ai ragazzi della classe III C della Scuola Secondaria dell\u2019Istituto comprensivo \u201cGiovanni XXIII\u201d di San Michele Salentino.<br \/>\nObiettivo del progetto, che si svilupper\u00e0 in quattro incontri a cadenza settimanale, ciascuno di tre ore, \u00e8 proporre alla classe un primo approccio a temi, strumenti e tecniche del mondo del giornalismo con una particolare prospettiva di inclusione di ciascun alunno del gruppo classe. Durante gli incontri, la classe sar\u00e0 accompagnata da un\u2019equipe esterna formata da Tiziano Mele, giornalista ed esperto di comunicazione, e da Valentina Benedetta Sardano, tutor del progetto, oltre che dall\u2019insegnante della classe.<\/p>\n<p>&nbsp;<br \/>\nDopo l\u2019incontro di domani in calendario gli appuntamenti successivi sono fissati per gioved\u00ec 30 marzo, venerd\u00ec 7 aprile e gioved\u00ec 20 aprile.<\/p>\n<p>&nbsp;<\/p>\n<p>&nbsp;<\/p>\n<p>Comunicato stampa<\/p>\n","protected":false},"excerpt":{"rendered":"<p>Al via venerd\u00ec 24 marzo nell\u2019Istituto comprensivo \u201cGiovanni XXIII\u201d di San Michele Salentino il laboratorio di giornalismo dedicato a 20 ragazzi di terza media. Il corso di dodici ore \u00e8 organizzato dall\u2019Unione italiana ciechi e ipovedenti della sede di Brindisi. &nbsp; San Michele Salentino, 23 marzo 2017. Prender\u00e0 il via domani, venerd\u00ec 24 marzo p.v. il progetto dal titolo \u201cLaboratorio di giornalismo\u201d a cura dell\u2019UICI \u2013 Unione italiana ciechi e ipovedenti della sede provinciale di Brindisi destinato ai ragazzi della classe III C della Scuola Secondaria dell\u2019Istituto comprensivo \u201cGiovanni XXIII\u201d di San Michele Salentino. Obiettivo del progetto, che si svilupper\u00e0 in quattro incontri a cadenza settimanale, ciascuno di tre ore, \u00e8 proporre alla classe un primo approccio a temi, strumenti e tecniche del mondo del giornalismo con una particolare prospettiva di inclusione di ciascun alunno del gruppo classe. Durante gli incontri, la classe sar\u00e0 accompagnata da un\u2019equipe esterna formata da Tiziano Mele, giornalista ed esperto di comunicazione, e da Valentina Benedetta Sardano, tutor del progetto, oltre che dall\u2019insegnante della classe&#8230;.<\/p>\n","protected":false},"author":2,"featured_media":82209,"comment_status":"open","ping_status":"closed","sticky":false,"template":"","format":"standard","meta":{"footnotes":""},"categories":[7],"tags":[830,3755],"class_list":["post-99218","post","type-post","status-publish","format-standard","has-post-thumbnail","hentry","category-news","tag-san-michele-salentino","tag-uic"],"_links":{"self":[{"href":"https:\/\/www.brundisium.net\/index.php\/wp-json\/wp\/v2\/posts\/99218","targetHints":{"allow":["GET"]}}],"collection":[{"href":"https:\/\/www.brundisium.net\/index.php\/wp-json\/wp\/v2\/posts"}],"about":[{"href":"https:\/\/www.brundisium.net\/index.php\/wp-json\/wp\/v2\/types\/post"}],"author":[{"embeddable":true,"href":"https:\/\/www.brundisium.net\/index.php\/wp-json\/wp\/v2\/users\/2"}],"replies":[{"embeddable":true,"href":"https:\/\/www.brundisium.net\/index.php\/wp-json\/wp\/v2\/comments?post=99218"}],"version-history":[{"count":1,"href":"https:\/\/www.brundisium.net\/index.php\/wp-json\/wp\/v2\/posts\/99218\/revisions"}],"predecessor-version":[{"id":99219,"href":"https:\/\/www.brundisium.net\/index.php\/wp-json\/wp\/v2\/posts\/99218\/revisions\/99219"}],"wp:featuredmedia":[{"embeddable":true,"href":"https:\/\/www.brundisium.net\/index.php\/wp-json\/wp\/v2\/media\/82209"}],"wp:attachment":[{"href":"https:\/\/www.brundisium.net\/index.php\/wp-json\/wp\/v2\/media?parent=99218"}],"wp:term":[{"taxonomy":"category","embeddable":true,"href":"https:\/\/www.brundisium.net\/index.php\/wp-json\/wp\/v2\/categories?post=99218"},{"taxonomy":"post_tag","embeddable":true,"href":"https:\/\/www.brundisium.net\/index.php\/wp-json\/wp\/v2\/tags?post=99218"}],"curies":[{"name":"wp","href":"https:\/\/api.w.org\/{rel}","templated":true}]}}