{"id":99325,"date":"2017-03-29T10:44:30","date_gmt":"2017-03-29T08:44:30","guid":{"rendered":"http:\/\/www.brundisium.net\/?p=99325"},"modified":"2017-03-29T14:50:24","modified_gmt":"2017-03-29T12:50:24","slug":"centro-raccolta-rifiuti-fasano-cambiano-gli-orari-di-apertura","status":"publish","type":"post","link":"https:\/\/www.brundisium.net\/index.php\/centro-raccolta-rifiuti-fasano-cambiano-gli-orari-di-apertura\/","title":{"rendered":"Centro raccolta rifiuti Fasano: cambiano gli orari di apertura"},"content":{"rendered":"<p>Il Centro Comunale di Raccolta dei rifiuti urbani differenziati, ubicato in contrada S. Angelo (alle spalle del Centro Agroalimentare di Fasano, sulla strada per Pezze di Greco), da sabato 1\u00b0 aprile cambier\u00e0 gli orari di apertura per il conferimento dei rifiuti. Cos\u00ec, il sabato la struttura sar\u00e0 aperta solo al mattino dalle ore 8.30 alle 13, mentre il luned\u00ec dalle ore 8.30 alle 12.30, il marted\u00ec dalle 8.30 alle 12.30 e dalle 15 alle 18, il mercoled\u00ec dalle 8.30 alle 12.30, il gioved\u00ec dalle 8.30 alle 12.30 e dalle 15 alle 18, il venerd\u00ec dalle 8.30 alle 12.30.<\/p>\n<p>&nbsp;<br \/>\nIl Centro rimarr\u00e0 chiuso la domenica, ma \u00e8 allo studio l\u2019apertura mattutina domenicale dalle 8.30 alle 12.30 per una sola domenica al mese, con ogni probabilit\u00e0 individuata nell\u2019ultima domenica di ogni mese, per quanto la decisione sar\u00e0 assunta nei prossimi giorni di concerto fra Amministrazione comunale e societ\u00e0 gestrice della struttura, la \u201cUniversal Export \u2013 Costruzioni e Ambiente\u201d.<\/p>\n<p>&nbsp;<\/p>\n<p>Allo studio, peraltro, \u00e8 in questi giorni un\u2019altra novit\u00e0 assoluta per Fasano: l\u2019allestimento di un Mercatino del recupero, in apposita area da attrezzarsi nello stesso Centro Comunale di Raccolta. Si tratter\u00e0 di un\u2019esposizione di quegli arredi e quegli oggetti ancora in buone condizioni, di cui si sono disfatti alcuni cittadini portandoli al Centro. Gratuitamente, chiunque sar\u00e0 interessato a vederli potr\u00e0 recarsi nella struttura e ritirare l\u2019oggetto o l\u2019arredo (anche divani e poltrone, sedie e tavoli o quant\u2019altro) che pi\u00f9 piace o che pi\u00f9 \u00e8 confacente alle proprie esigenze. In ogni caso, nei prossimi giorni sar\u00e0 pianificato ogni dettaglio al fine di comprendere come meglio possa funzionare un Mercatino del recupero di questa natura, finalizzato a ridurre la quota di rifiuti da conferire in discarica.<\/p>\n<p>&nbsp;<\/p>\n<p><strong>COMUNICATO STAMPA AMMINISTRAZIONE COMUNALE DI FASANO<\/strong><\/p>\n","protected":false},"excerpt":{"rendered":"<p>Il Centro Comunale di Raccolta dei rifiuti urbani differenziati, ubicato in contrada S. Angelo (alle spalle del Centro Agroalimentare di Fasano, sulla strada per Pezze di Greco), da sabato 1\u00b0 aprile cambier\u00e0 gli orari di apertura per il conferimento dei rifiuti. Cos\u00ec, il sabato la struttura sar\u00e0 aperta solo al mattino dalle ore 8.30 alle 13, mentre il luned\u00ec dalle ore 8.30 alle 12.30, il marted\u00ec dalle 8.30 alle 12.30 e dalle 15 alle 18, il mercoled\u00ec dalle 8.30 alle 12.30, il gioved\u00ec dalle 8.30 alle 12.30 e dalle 15 alle 18, il venerd\u00ec dalle 8.30 alle 12.30. &nbsp; Il Centro rimarr\u00e0 chiuso la domenica, ma \u00e8 allo studio l\u2019apertura mattutina domenicale dalle 8.30 alle 12.30 per una sola domenica al mese, con ogni probabilit\u00e0 individuata nell\u2019ultima domenica di ogni mese, per quanto la decisione sar\u00e0 assunta nei prossimi giorni di concerto fra Amministrazione comunale e societ\u00e0 gestrice della struttura, la \u201cUniversal Export \u2013 Costruzioni e Ambiente\u201d. &nbsp; Allo studio, peraltro, \u00e8 in questi giorni un\u2019altra novit\u00e0 assoluta per Fasano:&#8230;<\/p>\n","protected":false},"author":2,"featured_media":52385,"comment_status":"open","ping_status":"closed","sticky":false,"template":"","format":"standard","meta":{"footnotes":""},"categories":[7],"tags":[244],"class_list":["post-99325","post","type-post","status-publish","format-standard","has-post-thumbnail","hentry","category-news","tag-fasano"],"_links":{"self":[{"href":"https:\/\/www.brundisium.net\/index.php\/wp-json\/wp\/v2\/posts\/99325","targetHints":{"allow":["GET"]}}],"collection":[{"href":"https:\/\/www.brundisium.net\/index.php\/wp-json\/wp\/v2\/posts"}],"about":[{"href":"https:\/\/www.brundisium.net\/index.php\/wp-json\/wp\/v2\/types\/post"}],"author":[{"embeddable":true,"href":"https:\/\/www.brundisium.net\/index.php\/wp-json\/wp\/v2\/users\/2"}],"replies":[{"embeddable":true,"href":"https:\/\/www.brundisium.net\/index.php\/wp-json\/wp\/v2\/comments?post=99325"}],"version-history":[{"count":1,"href":"https:\/\/www.brundisium.net\/index.php\/wp-json\/wp\/v2\/posts\/99325\/revisions"}],"predecessor-version":[{"id":99329,"href":"https:\/\/www.brundisium.net\/index.php\/wp-json\/wp\/v2\/posts\/99325\/revisions\/99329"}],"wp:featuredmedia":[{"embeddable":true,"href":"https:\/\/www.brundisium.net\/index.php\/wp-json\/wp\/v2\/media\/52385"}],"wp:attachment":[{"href":"https:\/\/www.brundisium.net\/index.php\/wp-json\/wp\/v2\/media?parent=99325"}],"wp:term":[{"taxonomy":"category","embeddable":true,"href":"https:\/\/www.brundisium.net\/index.php\/wp-json\/wp\/v2\/categories?post=99325"},{"taxonomy":"post_tag","embeddable":true,"href":"https:\/\/www.brundisium.net\/index.php\/wp-json\/wp\/v2\/tags?post=99325"}],"curies":[{"name":"wp","href":"https:\/\/api.w.org\/{rel}","templated":true}]}}