{"id":99353,"date":"2017-03-29T11:27:28","date_gmt":"2017-03-29T09:27:28","guid":{"rendered":"http:\/\/www.brundisium.net\/?p=99353"},"modified":"2017-03-29T14:50:35","modified_gmt":"2017-03-29T12:50:35","slug":"de-michele-alternativa-popolare-vuole-caratterizzarsi-come-partito-del-popolo","status":"publish","type":"post","link":"https:\/\/www.brundisium.net\/index.php\/de-michele-alternativa-popolare-vuole-caratterizzarsi-come-partito-del-popolo\/","title":{"rendered":"De Michele: &#8220;Alternativa Popolare vuole caratterizzarsi come partito del popolo&#8221;"},"content":{"rendered":"<p>Dare speranza al nostro Paese e ai nostri giovani, alimentare una politica di qualit\u00e0 fatta da persone capaci, competenti e oneste, in grado di far ripartire l\u2019Italia e la sua economia, attraverso una ricetta puramente liberale e che si basi su tre punti fondamentali: taglio del debito pubblico attraverso una spending review rigorosa, snellimento burocratico e drastica riduzione delle tasse.<\/p>\n<p>&nbsp;<\/p>\n<p>Alternativa Popolare, oggi, vuole caratterizzarsi come partito del popolo, non come un partito verticistico e impositivo, ma come un soggetto democratico e paritario, perch\u00e9 i partiti \u201ctradizionali\u201d sono superati, la gente non \u00e8 interessata ad avere una tessera di facciata o di cordata.<\/p>\n<p>&nbsp;<\/p>\n<p>Una svolta necessaria, dovuta, perch\u00e9 \u00e8 la recente storia politica che ce lo impone: in questi anni abbiamo visto trionfare i movimenti populisti e antisistema, aumentare la disaffezione verso una intera classe dirigente politica: noi vorremmo far tornare la speranza, la certezza nella possibilit\u00e0 di garantire un futuro roseo per i nostri figli, una politica di qualit\u00e0 che faccia volare il Paese, che ci ridia l\u2019orgoglio di sentirci italiani, pugliesi, brindisini.<\/p>\n<p>&nbsp;<\/p>\n<p>Siamo un partito dinamico, aperto, un luogo di dibattito straordinario e di democrazia diretta, dove si discute di tutto e si propongono soluzioni, con competenza e seriet\u00e0, a livello nazionale, cos\u00ec come a livello regionale e locale.<\/p>\n<p>&nbsp;<\/p>\n<p>A livello nazionale, in particolare, credo che l\u2019area liberale e popolare debba prima di tutto tornare ad avere un\u2019identit\u00e0 forte, chiara e imprescindibile, con i suoi valori ed i suoi ideali, un programma di rilancio socio economico del paese che veda una nuova Europa interlocutore primario, superando e contrastando sterili visioni populiste ed antieuropee. Con una ricetta, come evidenziato sopra, semplice: taglio del debito pubblico, lotta alla burocrazia e riduzione delle tasse. Ma anche una virtuosa attrazione degli investimenti privati, i soli che possono agevolare le imprese e creare occupazione e crescita.<\/p>\n<p>&nbsp;<\/p>\n<p>Infine, una risolutiva regolamentazione dell\u2019immigrazione selvaggia, attraverso una collaborazione seria con i partner dell\u2019Unione.<\/p>\n<p>&nbsp;<\/p>\n<p>&nbsp;<\/p>\n<p>Questa vuol essere Alternativa Popolare: una scelta politica che nasce dalla constatazione dell\u2019esistenza in Italia di una comune base moderata, liberale, conservatrice, socialista e riformista, la quale metta assieme le componenti pi\u00f9 storiche e importanti della nostra societ\u00e0 che, allo stato, non trovano alcuna concreta rappresentanza politica.<\/p>\n<p>Una scelta politica che torni a fondarsi su proposte culturalmente e ideologicamente adeguate, che garantisca quel dialogo interrotto tra classe dirigente politica e cittadini. Ma soprattutto una scelta politica che sia risposta, attraverso opportune politiche sociali, alle gravi condizioni di disagio, emarginazione e povert\u00e0 che si sono sempre pi\u00f9 radicate nel nostro Paese. Solo cos\u00ec si pu\u00f2 arginare quel drammatico contesto di vuoto intellettuale e morale di una politica sempre pi\u00f9 lontana dalla realt\u00e0 umana e quindi autoreferenziale.<\/p>\n<p>&nbsp;<\/p>\n<p>Ecco perch\u00e9, in conclusione, evocare e richiamare la storia e la tradizione politica del nostro Paese, seppur in chiave moderna, costituisce, a parer nostro, la migliore risposta al vuoto di rappresentanza politica che oggi, ancor di pi\u00f9, si concentra nell\u2019allarmante percentuale di assenteismo.<\/p>\n<p>&nbsp;<\/p>\n<p><em><strong>Avv. Cosimo DE MICHELE<\/strong><\/em><br \/>\n<em><strong> Vice coordinatore Provinciale e membro Assemblea Nazionale Alternativa Popolare<\/strong><\/em><\/p>\n","protected":false},"excerpt":{"rendered":"<p>Dare speranza al nostro Paese e ai nostri giovani, alimentare una politica di qualit\u00e0 fatta da persone capaci, competenti e oneste, in grado di far ripartire l\u2019Italia e la sua economia, attraverso una ricetta puramente liberale e che si basi su tre punti fondamentali: taglio del debito pubblico attraverso una spending review rigorosa, snellimento burocratico e drastica riduzione delle tasse. &nbsp; Alternativa Popolare, oggi, vuole caratterizzarsi come partito del popolo, non come un partito verticistico e impositivo, ma come un soggetto democratico e paritario, perch\u00e9 i partiti \u201ctradizionali\u201d sono superati, la gente non \u00e8 interessata ad avere una tessera di facciata o di cordata. &nbsp; Una svolta necessaria, dovuta, perch\u00e9 \u00e8 la recente storia politica che ce lo impone: in questi anni abbiamo visto trionfare i movimenti populisti e antisistema, aumentare la disaffezione verso una intera classe dirigente politica: noi vorremmo far tornare la speranza, la certezza nella possibilit\u00e0 di garantire un futuro roseo per i nostri figli, una politica di qualit\u00e0 che faccia volare il Paese, che ci ridia&#8230;<\/p>\n","protected":false},"author":2,"featured_media":98479,"comment_status":"open","ping_status":"closed","sticky":false,"template":"","format":"standard","meta":{"footnotes":""},"categories":[7],"tags":[3679,313],"class_list":["post-99353","post","type-post","status-publish","format-standard","has-post-thumbnail","hentry","category-news","tag-alternativa-popolare","tag-de-michele"],"_links":{"self":[{"href":"https:\/\/www.brundisium.net\/index.php\/wp-json\/wp\/v2\/posts\/99353","targetHints":{"allow":["GET"]}}],"collection":[{"href":"https:\/\/www.brundisium.net\/index.php\/wp-json\/wp\/v2\/posts"}],"about":[{"href":"https:\/\/www.brundisium.net\/index.php\/wp-json\/wp\/v2\/types\/post"}],"author":[{"embeddable":true,"href":"https:\/\/www.brundisium.net\/index.php\/wp-json\/wp\/v2\/users\/2"}],"replies":[{"embeddable":true,"href":"https:\/\/www.brundisium.net\/index.php\/wp-json\/wp\/v2\/comments?post=99353"}],"version-history":[{"count":1,"href":"https:\/\/www.brundisium.net\/index.php\/wp-json\/wp\/v2\/posts\/99353\/revisions"}],"predecessor-version":[{"id":99354,"href":"https:\/\/www.brundisium.net\/index.php\/wp-json\/wp\/v2\/posts\/99353\/revisions\/99354"}],"wp:featuredmedia":[{"embeddable":true,"href":"https:\/\/www.brundisium.net\/index.php\/wp-json\/wp\/v2\/media\/98479"}],"wp:attachment":[{"href":"https:\/\/www.brundisium.net\/index.php\/wp-json\/wp\/v2\/media?parent=99353"}],"wp:term":[{"taxonomy":"category","embeddable":true,"href":"https:\/\/www.brundisium.net\/index.php\/wp-json\/wp\/v2\/categories?post=99353"},{"taxonomy":"post_tag","embeddable":true,"href":"https:\/\/www.brundisium.net\/index.php\/wp-json\/wp\/v2\/tags?post=99353"}],"curies":[{"name":"wp","href":"https:\/\/api.w.org\/{rel}","templated":true}]}}