{"id":99406,"date":"2017-03-29T19:45:50","date_gmt":"2017-03-29T17:45:50","guid":{"rendered":"http:\/\/www.brundisium.net\/?p=99406"},"modified":"2017-03-29T18:35:43","modified_gmt":"2017-03-29T16:35:43","slug":"sold-out-per-la-seconda-edizione-de-la-musica-per-tutti","status":"publish","type":"post","link":"https:\/\/www.brundisium.net\/index.php\/sold-out-per-la-seconda-edizione-de-la-musica-per-tutti\/","title":{"rendered":"Sold out per la seconda edizione de \u201cLa Musica per Tutti\u201d"},"content":{"rendered":"<p><a href=\"http:\/\/www.brundisium.net\/brun\/wp-content\/uploads\/2017\/03\/batteria.jpg\"><img loading=\"lazy\" decoding=\"async\" class=\"alignleft size-medium wp-image-99409\" src=\"http:\/\/www.brundisium.net\/brun\/wp-content\/uploads\/2017\/03\/batteria-300x225.jpg\" alt=\"\" width=\"300\" height=\"225\" srcset=\"https:\/\/www.brundisium.net\/brun\/wp-content\/uploads\/2017\/03\/batteria-300x225.jpg 300w, https:\/\/www.brundisium.net\/brun\/wp-content\/uploads\/2017\/03\/batteria-768x576.jpg 768w, https:\/\/www.brundisium.net\/brun\/wp-content\/uploads\/2017\/03\/batteria-1024x768.jpg 1024w\" sizes=\"auto, (max-width: 300px) 100vw, 300px\" \/><\/a>\u00a0\u00a0 La musica come forma di comunicazione unica che favorisce la coesione sociale creando connessioni empatiche tra i membri di un gruppo che la studiano, la pensano, la suonano o l\u2019ascoltano. E\u2019 per dare continuit\u00e0 a questa idea che AccordiAbili ed Equoenonsolo, nonostante la mancanza di un finanziamento come lo scorso anno, hanno fortemente voluto la seconda edizione de \u201cLa Musica per Tutti\u201d.<\/p>\n<p>&nbsp;<br \/>\nIn questi giorni, la segreteria del corso, ha annunciato il SOLD OUT! Dopo il 10 marzo, termine delle iscrizioni, le richieste non si sono arrestate e si \u00e8 cercato comunque di non escludere e deludere nessuno, cos\u00ec si son formati ben tre corsi di Batteria, due di Chitarra e tre di Piano e Voce.<\/p>\n<p>&nbsp;<br \/>\n<a href=\"http:\/\/www.brundisium.net\/brun\/wp-content\/uploads\/2017\/03\/canto.jpg\"><img loading=\"lazy\" decoding=\"async\" class=\"size-medium wp-image-99410 alignright\" src=\"http:\/\/www.brundisium.net\/brun\/wp-content\/uploads\/2017\/03\/canto-300x225.jpg\" alt=\"\" width=\"300\" height=\"225\" srcset=\"https:\/\/www.brundisium.net\/brun\/wp-content\/uploads\/2017\/03\/canto-300x225.jpg 300w, https:\/\/www.brundisium.net\/brun\/wp-content\/uploads\/2017\/03\/canto-768x576.jpg 768w, https:\/\/www.brundisium.net\/brun\/wp-content\/uploads\/2017\/03\/canto-1024x768.jpg 1024w\" sizes=\"auto, (max-width: 300px) 100vw, 300px\" \/><\/a>Luned\u00ec 20 e marted\u00ec 21 marzo, presso il Laboratorio Urbano di Fasano, si sono gi\u00e0 svolte le prime lezioni del corso che terminer\u00e0 a fine giugno e che anche quest\u2019anno costituir\u00e0 un significativo percorso di integrazione e di inclusione attraverso la musica, con sedici incontri, tra lezioni di strumento e\/o voce, musica d\u2019insieme e festa finale nel Chiostro dei Minori Osservanti.<\/p>\n<p>&nbsp;<br \/>\n\u201cSiamo felicissimi che la nostra idea vada diffondendosi e che nonostante la mancanza di un finanziamento come lo scorso anno che permetteva la frequenza gratuita ai corsisti con disabilit\u00e0, il numero degli iscritti ai corsi sia aumentato. Da sempre crediamo che pi\u00f9 aumenter\u00e0 il coinvolgimento di persone e menti e maggiori saranno le possibilit\u00e0 di aiutare chi \u00e8 in difficolt\u00e0 e voglia esprimersi e realizzarsi come persona grazie alla musica\u201d. Questo \u00e8 quanto dichiara Vincenzo Deluci, presidente di AccordiAbili e direttore artistico del corso.<\/p>\n<p>&nbsp;<br \/>\n<a href=\"http:\/\/www.brundisium.net\/brun\/wp-content\/uploads\/2017\/03\/piano.jpg\"><img loading=\"lazy\" decoding=\"async\" class=\"alignleft size-medium wp-image-99414\" src=\"http:\/\/www.brundisium.net\/brun\/wp-content\/uploads\/2017\/03\/piano-300x225.jpg\" alt=\"\" width=\"300\" height=\"225\" srcset=\"https:\/\/www.brundisium.net\/brun\/wp-content\/uploads\/2017\/03\/piano-300x225.jpg 300w, https:\/\/www.brundisium.net\/brun\/wp-content\/uploads\/2017\/03\/piano-768x576.jpg 768w, https:\/\/www.brundisium.net\/brun\/wp-content\/uploads\/2017\/03\/piano-1024x768.jpg 1024w\" sizes=\"auto, (max-width: 300px) 100vw, 300px\" \/><\/a>Il Team dei docenti del corso \u00e8 composto da Maestri e musicisti di fama come Davide Saccomanno (piano e voce) assistito da Leonardo Laguardia, Antonio Di Lorenzo (batteria) con la collaborazione di Silvano Santagata e Fabio Carrone e Camillo Pace (chitarra).<\/p>\n<p>&nbsp;<br \/>\nA sostegno dei progetti AccordiAbili anche \u201cCasa Musicale Luisi\u201d, che per l\u2019occasione ha offerto la possibilit\u00e0, per i corsisti iscritti al corso, di acquistare uno strumento musicale usufruendo di uno sconto extra.<\/p>\n<p>&nbsp;<\/p>\n<p>&nbsp;<\/p>\n<p><em><strong>\/accordiabili<\/strong><\/em><\/p>\n","protected":false},"excerpt":{"rendered":"<p>\u00a0\u00a0 La musica come forma di comunicazione unica che favorisce la coesione sociale creando connessioni empatiche tra i membri di un gruppo che la studiano, la pensano, la suonano o l\u2019ascoltano. E\u2019 per dare continuit\u00e0 a questa idea che AccordiAbili ed Equoenonsolo, nonostante la mancanza di un finanziamento come lo scorso anno, hanno fortemente voluto la seconda edizione de \u201cLa Musica per Tutti\u201d. &nbsp; In questi giorni, la segreteria del corso, ha annunciato il SOLD OUT! Dopo il 10 marzo, termine delle iscrizioni, le richieste non si sono arrestate e si \u00e8 cercato comunque di non escludere e deludere nessuno, cos\u00ec si son formati ben tre corsi di Batteria, due di Chitarra e tre di Piano e Voce. &nbsp; Luned\u00ec 20 e marted\u00ec 21 marzo, presso il Laboratorio Urbano di Fasano, si sono gi\u00e0 svolte le prime lezioni del corso che terminer\u00e0 a fine giugno e che anche quest\u2019anno costituir\u00e0 un significativo percorso di integrazione e di inclusione attraverso la musica, con sedici incontri, tra lezioni di strumento e\/o voce,&#8230;<\/p>\n","protected":false},"author":2,"featured_media":99412,"comment_status":"open","ping_status":"closed","sticky":false,"template":"","format":"standard","meta":{"footnotes":""},"categories":[189,7],"tags":[1114,3774],"class_list":["post-99406","post","type-post","status-publish","format-standard","has-post-thumbnail","hentry","category-musica-2","category-news","tag-accordiabili","tag-la-musica-per-tutti"],"_links":{"self":[{"href":"https:\/\/www.brundisium.net\/index.php\/wp-json\/wp\/v2\/posts\/99406","targetHints":{"allow":["GET"]}}],"collection":[{"href":"https:\/\/www.brundisium.net\/index.php\/wp-json\/wp\/v2\/posts"}],"about":[{"href":"https:\/\/www.brundisium.net\/index.php\/wp-json\/wp\/v2\/types\/post"}],"author":[{"embeddable":true,"href":"https:\/\/www.brundisium.net\/index.php\/wp-json\/wp\/v2\/users\/2"}],"replies":[{"embeddable":true,"href":"https:\/\/www.brundisium.net\/index.php\/wp-json\/wp\/v2\/comments?post=99406"}],"version-history":[{"count":1,"href":"https:\/\/www.brundisium.net\/index.php\/wp-json\/wp\/v2\/posts\/99406\/revisions"}],"predecessor-version":[{"id":99417,"href":"https:\/\/www.brundisium.net\/index.php\/wp-json\/wp\/v2\/posts\/99406\/revisions\/99417"}],"wp:featuredmedia":[{"embeddable":true,"href":"https:\/\/www.brundisium.net\/index.php\/wp-json\/wp\/v2\/media\/99412"}],"wp:attachment":[{"href":"https:\/\/www.brundisium.net\/index.php\/wp-json\/wp\/v2\/media?parent=99406"}],"wp:term":[{"taxonomy":"category","embeddable":true,"href":"https:\/\/www.brundisium.net\/index.php\/wp-json\/wp\/v2\/categories?post=99406"},{"taxonomy":"post_tag","embeddable":true,"href":"https:\/\/www.brundisium.net\/index.php\/wp-json\/wp\/v2\/tags?post=99406"}],"curies":[{"name":"wp","href":"https:\/\/api.w.org\/{rel}","templated":true}]}}