{"id":99452,"date":"2017-03-30T08:01:44","date_gmt":"2017-03-30T06:01:44","guid":{"rendered":"http:\/\/www.brundisium.net\/?p=99452"},"modified":"2017-04-02T10:00:58","modified_gmt":"2017-04-02T08:00:58","slug":"alberi-abbattuti-senza-una-ragione-ma-che-male-stavano-facendo","status":"publish","type":"post","link":"https:\/\/www.brundisium.net\/index.php\/alberi-abbattuti-senza-una-ragione-ma-che-male-stavano-facendo\/","title":{"rendered":"Alberi abbattuti senza una ragione: ma che male stavano facendo?"},"content":{"rendered":"<p><em><a href=\"http:\/\/www.brundisium.net\/brun\/wp-content\/uploads\/2017\/03\/alberi-abbattuti-ad-ostuni-2.jpg\"><img loading=\"lazy\" decoding=\"async\" class=\"alignleft size-medium wp-image-99454\" src=\"http:\/\/www.brundisium.net\/brun\/wp-content\/uploads\/2017\/03\/alberi-abbattuti-ad-ostuni-2-183x300.jpg\" alt=\"\" width=\"183\" height=\"300\" srcset=\"https:\/\/www.brundisium.net\/brun\/wp-content\/uploads\/2017\/03\/alberi-abbattuti-ad-ostuni-2-183x300.jpg 183w, https:\/\/www.brundisium.net\/brun\/wp-content\/uploads\/2017\/03\/alberi-abbattuti-ad-ostuni-2.jpg 438w\" sizes=\"auto, (max-width: 183px) 100vw, 183px\" \/><\/a>Riceviamo e pubblichiamo da Giovanni Briamonte, un nostro lettore di Ostuni.<\/em><\/p>\n<p>&nbsp;<\/p>\n<p>&nbsp;<\/p>\n<p>Carissima Redazione<br \/>\nvorrei dare voce ai tanti ostunesi costernati da quello che \u00e8 accaduto nel piazzale della chiesa dei Santi Medici di Ostuni per l&#8217;abbattimento di tanti alberi che col sacrificio degli anni sono cresciuti.<\/p>\n<p>&nbsp;<\/p>\n<p>Tutto questo \u00e8 avvenuto nel silenzio pi\u00f9 assordante.<\/p>\n<p>&nbsp;<\/p>\n<p>Ma si pu\u00f2 che nessun parrocchiano o ambientalista si sia ribellato?<br \/>\nVorrei gridare a questo scempio senza motivo.<\/p>\n<p>Ma che male stavano facendo?<\/p>\n","protected":false},"excerpt":{"rendered":"<p>Riceviamo e pubblichiamo da Giovanni Briamonte, un nostro lettore di Ostuni. &nbsp; &nbsp; Carissima Redazione vorrei dare voce ai tanti ostunesi costernati da quello che \u00e8 accaduto nel piazzale della chiesa dei Santi Medici di Ostuni per l&#8217;abbattimento di tanti alberi che col sacrificio degli anni sono cresciuti. &nbsp; Tutto questo \u00e8 avvenuto nel silenzio pi\u00f9 assordante. &nbsp; Ma si pu\u00f2 che nessun parrocchiano o ambientalista si sia ribellato? Vorrei gridare a questo scempio senza motivo. Ma che male stavano facendo?<\/p>\n","protected":false},"author":2,"featured_media":99455,"comment_status":"open","ping_status":"closed","sticky":false,"template":"","format":"standard","meta":{"footnotes":""},"categories":[7],"tags":[53],"class_list":["post-99452","post","type-post","status-publish","format-standard","has-post-thumbnail","hentry","category-news","tag-ostuni"],"_links":{"self":[{"href":"https:\/\/www.brundisium.net\/index.php\/wp-json\/wp\/v2\/posts\/99452","targetHints":{"allow":["GET"]}}],"collection":[{"href":"https:\/\/www.brundisium.net\/index.php\/wp-json\/wp\/v2\/posts"}],"about":[{"href":"https:\/\/www.brundisium.net\/index.php\/wp-json\/wp\/v2\/types\/post"}],"author":[{"embeddable":true,"href":"https:\/\/www.brundisium.net\/index.php\/wp-json\/wp\/v2\/users\/2"}],"replies":[{"embeddable":true,"href":"https:\/\/www.brundisium.net\/index.php\/wp-json\/wp\/v2\/comments?post=99452"}],"version-history":[{"count":1,"href":"https:\/\/www.brundisium.net\/index.php\/wp-json\/wp\/v2\/posts\/99452\/revisions"}],"predecessor-version":[{"id":99456,"href":"https:\/\/www.brundisium.net\/index.php\/wp-json\/wp\/v2\/posts\/99452\/revisions\/99456"}],"wp:featuredmedia":[{"embeddable":true,"href":"https:\/\/www.brundisium.net\/index.php\/wp-json\/wp\/v2\/media\/99455"}],"wp:attachment":[{"href":"https:\/\/www.brundisium.net\/index.php\/wp-json\/wp\/v2\/media?parent=99452"}],"wp:term":[{"taxonomy":"category","embeddable":true,"href":"https:\/\/www.brundisium.net\/index.php\/wp-json\/wp\/v2\/categories?post=99452"},{"taxonomy":"post_tag","embeddable":true,"href":"https:\/\/www.brundisium.net\/index.php\/wp-json\/wp\/v2\/tags?post=99452"}],"curies":[{"name":"wp","href":"https:\/\/api.w.org\/{rel}","templated":true}]}}