{"id":99591,"date":"2017-03-31T13:42:22","date_gmt":"2017-03-31T11:42:22","guid":{"rendered":"http:\/\/www.brundisium.net\/?p=99591"},"modified":"2017-04-02T12:25:44","modified_gmt":"2017-04-02T10:25:44","slug":"il-comune-di-san-vito-aderisce-alla-giornata-mondiale-della-consapevolezza-dellautismo","status":"publish","type":"post","link":"https:\/\/www.brundisium.net\/index.php\/il-comune-di-san-vito-aderisce-alla-giornata-mondiale-della-consapevolezza-dellautismo\/","title":{"rendered":"Il Comune di San Vito aderisce alla &#8220;Giornata mondiale della consapevolezza dell&#8217;autismo&#8221;"},"content":{"rendered":"<p>Anche quest\u2019anno, l\u2019Amministrazione Comunale di San Vito dei Normanni aderisce alla &#8220;Giornata mondiale della consapevolezza dell&#8217;autismo&#8221;, promossa dall&#8217;Assemblea Generale delle Nazioni Unite.<br \/>\nSabato 1 e domenica 2 aprile, grazie alla disponibilit\u00e0 dell&#8217;azienda che gestisce il servizio di pubblica illuminazione, la \u201cTorre dell&#8217;orologio\u201d, nella piazza centrale, sar\u00e0 colorata di blu. Ci\u00f2 testimonier\u00e0 l&#8217;attenzione della citt\u00e0 rispetto al problema dell\u2019autismo.<\/p>\n","protected":false},"excerpt":{"rendered":"<p>Anche quest\u2019anno, l\u2019Amministrazione Comunale di San Vito dei Normanni aderisce alla &#8220;Giornata mondiale della consapevolezza dell&#8217;autismo&#8221;, promossa dall&#8217;Assemblea Generale delle Nazioni Unite. Sabato 1 e domenica 2 aprile, grazie alla disponibilit\u00e0 dell&#8217;azienda che gestisce il servizio di pubblica illuminazione, la \u201cTorre dell&#8217;orologio\u201d, nella piazza centrale, sar\u00e0 colorata di blu. Ci\u00f2 testimonier\u00e0 l&#8217;attenzione della citt\u00e0 rispetto al problema dell\u2019autismo.<\/p>\n","protected":false},"author":2,"featured_media":99592,"comment_status":"open","ping_status":"closed","sticky":false,"template":"","format":"standard","meta":{"footnotes":""},"categories":[7],"tags":[222],"class_list":["post-99591","post","type-post","status-publish","format-standard","has-post-thumbnail","hentry","category-news","tag-san-vito"],"_links":{"self":[{"href":"https:\/\/www.brundisium.net\/index.php\/wp-json\/wp\/v2\/posts\/99591","targetHints":{"allow":["GET"]}}],"collection":[{"href":"https:\/\/www.brundisium.net\/index.php\/wp-json\/wp\/v2\/posts"}],"about":[{"href":"https:\/\/www.brundisium.net\/index.php\/wp-json\/wp\/v2\/types\/post"}],"author":[{"embeddable":true,"href":"https:\/\/www.brundisium.net\/index.php\/wp-json\/wp\/v2\/users\/2"}],"replies":[{"embeddable":true,"href":"https:\/\/www.brundisium.net\/index.php\/wp-json\/wp\/v2\/comments?post=99591"}],"version-history":[{"count":1,"href":"https:\/\/www.brundisium.net\/index.php\/wp-json\/wp\/v2\/posts\/99591\/revisions"}],"predecessor-version":[{"id":99593,"href":"https:\/\/www.brundisium.net\/index.php\/wp-json\/wp\/v2\/posts\/99591\/revisions\/99593"}],"wp:featuredmedia":[{"embeddable":true,"href":"https:\/\/www.brundisium.net\/index.php\/wp-json\/wp\/v2\/media\/99592"}],"wp:attachment":[{"href":"https:\/\/www.brundisium.net\/index.php\/wp-json\/wp\/v2\/media?parent=99591"}],"wp:term":[{"taxonomy":"category","embeddable":true,"href":"https:\/\/www.brundisium.net\/index.php\/wp-json\/wp\/v2\/categories?post=99591"},{"taxonomy":"post_tag","embeddable":true,"href":"https:\/\/www.brundisium.net\/index.php\/wp-json\/wp\/v2\/tags?post=99591"}],"curies":[{"name":"wp","href":"https:\/\/api.w.org\/{rel}","templated":true}]}}