{"id":99635,"date":"2017-03-31T18:17:13","date_gmt":"2017-03-31T16:17:13","guid":{"rendered":"http:\/\/www.brundisium.net\/?p=99635"},"modified":"2017-03-31T18:48:35","modified_gmt":"2017-03-31T16:48:35","slug":"presto-aperto-al-pubblico-il-giardino-del-tempietto-di-san-giovanni-al-sepolcro","status":"publish","type":"post","link":"https:\/\/www.brundisium.net\/index.php\/presto-aperto-al-pubblico-il-giardino-del-tempietto-di-san-giovanni-al-sepolcro\/","title":{"rendered":"Presto aperto al pubblico il giardino del Tempietto di San Giovanni al Sepolcro"},"content":{"rendered":"<p><a href=\"http:\/\/www.brundisium.net\/brun\/wp-content\/uploads\/2017\/03\/giardino-del-Tempesto-di-San-Giovanni-al-Sepolcro-1.png\"><img loading=\"lazy\" decoding=\"async\" class=\"alignleft size-medium wp-image-99636\" src=\"http:\/\/www.brundisium.net\/brun\/wp-content\/uploads\/2017\/03\/giardino-del-Tempesto-di-San-Giovanni-al-Sepolcro-1-300x169.png\" alt=\"\" width=\"300\" height=\"169\" srcset=\"https:\/\/www.brundisium.net\/brun\/wp-content\/uploads\/2017\/03\/giardino-del-Tempesto-di-San-Giovanni-al-Sepolcro-1-300x169.png 300w, https:\/\/www.brundisium.net\/brun\/wp-content\/uploads\/2017\/03\/giardino-del-Tempesto-di-San-Giovanni-al-Sepolcro-1-768x432.png 768w, https:\/\/www.brundisium.net\/brun\/wp-content\/uploads\/2017\/03\/giardino-del-Tempesto-di-San-Giovanni-al-Sepolcro-1-1024x576.png 1024w, https:\/\/www.brundisium.net\/brun\/wp-content\/uploads\/2017\/03\/giardino-del-Tempesto-di-San-Giovanni-al-Sepolcro-1.png 1280w\" sizes=\"auto, (max-width: 300px) 100vw, 300px\" \/><\/a>Parallelamente alla riapertura del Monumento al Marinaio, che torner\u00e0 fruibile dal pubblico dopo quasi due anni di chiusura (cerimonia domenica 2 aprile, ore 12), l\u2019Amministrazione comunale &#8211; su input della sindaca Angela Carluccio &#8211; \u00e8 al lavoro per restituire alla citt\u00e0 il suo patrimonio storico, culturale e architettonico.<br \/>\nTecnici sono impegnati da qualche giorno per rimettere in moto le antiche pompe di riciclo della Fontana Monumentale, sotto piazza Santa Teresa, ferme ormai da circa due anni.<br \/>\nI lavori di ripristino riguarderanno poi la vasca e la stessa facciata della Fontana. L\u2019obiettivo \u00e8 quello di riportarla in funzione nel pi\u00f9 breve tempo possibile.<br \/>\nMa la vera novit\u00e0 \u00e8 rappresentata dal giardino situato alle spalle del Tempietto di San Giovanni al Sepolcro e che, acquisito dal Comune circa tre anni fa, era in totale stato di abbandono.<br \/>\nIl giardino \u00e8 stato ripulito, grazie ai tecnici della Multiservizi, dalla vegetazione selvatica che lo aveva completamente ricoperto e gli operai sono ora impegnati a renderlo fruibile.<br \/>\nL\u2019intenzione \u00e8 di trasformarlo in un piccolo parco urbano a disposizione dei cittadini e dei turisti che sar\u00e0 arredato con panchine e impreziosito da piccoli alberi da frutto e da vegetazione tipica degli \u201cortali\u201d brindisini.<br \/>\nIl tutto collegato a un rilancio del Tempietto di San Giovanni al Sepolcro (in cui in questi giorni viene ristrutturata la pavimentazione in legno) che l\u2019Amministrazione comunale intende abilitare presto alla celebrazione di matrimoni civili. Un ulteriore passo per rendere ancora pi\u00f9 appetibile il patrimonio storico della citt\u00e0. E soprattutto aperto al pubblico.<\/p>\n<p>&nbsp;<\/p>\n<p><em><strong>\/portavoce sindaco di brindisi<\/strong><\/em><\/p>\n<p><a href=\"http:\/\/www.brundisium.net\/brun\/wp-content\/uploads\/2017\/03\/giardino-del-Tempesto-di-San-Giovanni-al-Sepolcro-1.png\">\u00a0<\/a><\/p>\n","protected":false},"excerpt":{"rendered":"<p>Parallelamente alla riapertura del Monumento al Marinaio, che torner\u00e0 fruibile dal pubblico dopo quasi due anni di chiusura (cerimonia domenica 2 aprile, ore 12), l\u2019Amministrazione comunale &#8211; su input della sindaca Angela Carluccio &#8211; \u00e8 al lavoro per restituire alla citt\u00e0 il suo patrimonio storico, culturale e architettonico. Tecnici sono impegnati da qualche giorno per rimettere in moto le antiche pompe di riciclo della Fontana Monumentale, sotto piazza Santa Teresa, ferme ormai da circa due anni. I lavori di ripristino riguarderanno poi la vasca e la stessa facciata della Fontana. L\u2019obiettivo \u00e8 quello di riportarla in funzione nel pi\u00f9 breve tempo possibile. Ma la vera novit\u00e0 \u00e8 rappresentata dal giardino situato alle spalle del Tempietto di San Giovanni al Sepolcro e che, acquisito dal Comune circa tre anni fa, era in totale stato di abbandono. Il giardino \u00e8 stato ripulito, grazie ai tecnici della Multiservizi, dalla vegetazione selvatica che lo aveva completamente ricoperto e gli operai sono ora impegnati a renderlo fruibile. L\u2019intenzione \u00e8 di trasformarlo in un piccolo parco&#8230;<\/p>\n","protected":false},"author":2,"featured_media":99637,"comment_status":"open","ping_status":"closed","sticky":false,"template":"","format":"standard","meta":{"footnotes":""},"categories":[7],"tags":[37,3795],"class_list":["post-99635","post","type-post","status-publish","format-standard","has-post-thumbnail","hentry","category-news","tag-comune-di-brindisi","tag-san-giovanni-al-sepolcro"],"_links":{"self":[{"href":"https:\/\/www.brundisium.net\/index.php\/wp-json\/wp\/v2\/posts\/99635","targetHints":{"allow":["GET"]}}],"collection":[{"href":"https:\/\/www.brundisium.net\/index.php\/wp-json\/wp\/v2\/posts"}],"about":[{"href":"https:\/\/www.brundisium.net\/index.php\/wp-json\/wp\/v2\/types\/post"}],"author":[{"embeddable":true,"href":"https:\/\/www.brundisium.net\/index.php\/wp-json\/wp\/v2\/users\/2"}],"replies":[{"embeddable":true,"href":"https:\/\/www.brundisium.net\/index.php\/wp-json\/wp\/v2\/comments?post=99635"}],"version-history":[{"count":3,"href":"https:\/\/www.brundisium.net\/index.php\/wp-json\/wp\/v2\/posts\/99635\/revisions"}],"predecessor-version":[{"id":99650,"href":"https:\/\/www.brundisium.net\/index.php\/wp-json\/wp\/v2\/posts\/99635\/revisions\/99650"}],"wp:featuredmedia":[{"embeddable":true,"href":"https:\/\/www.brundisium.net\/index.php\/wp-json\/wp\/v2\/media\/99637"}],"wp:attachment":[{"href":"https:\/\/www.brundisium.net\/index.php\/wp-json\/wp\/v2\/media?parent=99635"}],"wp:term":[{"taxonomy":"category","embeddable":true,"href":"https:\/\/www.brundisium.net\/index.php\/wp-json\/wp\/v2\/categories?post=99635"},{"taxonomy":"post_tag","embeddable":true,"href":"https:\/\/www.brundisium.net\/index.php\/wp-json\/wp\/v2\/tags?post=99635"}],"curies":[{"name":"wp","href":"https:\/\/api.w.org\/{rel}","templated":true}]}}