{"id":99714,"date":"2017-04-01T19:18:51","date_gmt":"2017-04-01T17:18:51","guid":{"rendered":"http:\/\/www.brundisium.net\/?p=99714"},"modified":"2017-04-02T12:14:56","modified_gmt":"2017-04-02T10:14:56","slug":"presto-nuovi-spazi-pubblici-a-disposizione-di-bambini-famiglie-e-turisti-in-soggiorno-a-fasano","status":"publish","type":"post","link":"https:\/\/www.brundisium.net\/index.php\/presto-nuovi-spazi-pubblici-a-disposizione-di-bambini-famiglie-e-turisti-in-soggiorno-a-fasano\/","title":{"rendered":"Presto nuovi spazi pubblici a disposizione di bambini, famiglie e turisti in soggiorno a Fasano"},"content":{"rendered":"<p>Sono gli spazi pubblici attualmente chiusi e non fruibili i punti principali dell\u2019agenda amministrativa su cui sta lavorando in queste ore la giunta comunale-Zaccaria.<\/p>\n<p>L\u2019obiettivo \u00e8 la riapertura, e la fruizione di queste aree, a bambini, famiglie, visitatori e turisti in soggiorno a Fasano.<\/p>\n<p>&nbsp;<br \/>\nIl Parco urbano con annesso campetto polivalente situato nella frazione Pezze di Greco \u00e8 stato aggiudicato, per la gestione e la realizzazione degli interventi di adeguamento degli impianti, alla societ\u00e0 \u201cSeda srl \u2013 Semeraro e D\u2019Amico\u201d. Nella prossima settimana l\u2019Ufficio tecnico comunale effettuer\u00e0 un apposito sopralluogo \u00abper verificare e quantificare i nuovi parametri del computo metrico e delle risorse finanziarie occorrenti, al fine di poter consegnare l\u2019area agli aggiudicatari \u2013 spiega Leonardo Deleonardis, assessore comunale al Patrimonio \u2013 affinch\u00e9 realizzino gli interventi; sono stati evidenziati, dai tecnici della societ\u00e0 affidataria, un abuso edilizio nel Parco che va, quindi, verificato, e la necessit\u00e0 di rifare completamente tutti gli impianti idrico-fognante ed elettrici, oltre alla realizzazione di rampe d\u2019accesso per consentire a tutti e, dunque, anche ai disabili, di poter fruire dell\u2019area pubblica attrezzata.<\/p>\n<p>La societ\u00e0 aggiudicataria ci ha fatto una precisa proposta e la valuteremo proprio nella prossima settimana con un sopralluogo dei nostri tecnici. Colgo l\u2019occasione per ringraziare pubblicamente la \u201cSeda srl \u2013 Semeraro e D\u2019Amico\u201d per l\u2019impegno che sta profondendo \u2013 sottolinea l\u2019assessore Deleonardis \u2013 e per la pazienza con la quale sta seguendo gli sviluppi procedurali necessari a consegnarle formalmente in gestione l\u2019intero complesso pubblico, che si \u00e8 aggiudicato partecipando alla gara che avevamo indetto\u00bb.<\/p>\n<p>&nbsp;<\/p>\n<p>Relativamente al giardino pubblico di via don Tonino Bello (zona \u201c167\u201d, nei pressi delle scuole superiori di Fasano), il Comune ha aggiudicato l\u2019area a \u201cCo.Pe di Mario Maio\u201d, nonch\u00e9 sottoscritto il relativo contratto per la consegna ufficiale dell\u2019area alla societ\u00e0 affidataria e, nei prossimi giorni, approver\u00e0 formalmente il progetto per la realizzazione all\u2019interno del giardino di un chiosco-bar; progetto gi\u00e0 presentato dalla ditta affidataria (che lo aveva concordato, nelle dimensioni e nei materiali da utilizzare, con lo stesso Comune). \u00abAncora pochi giorni, dunque &#8211; rassicura l\u2019assessore Deleonardis \u2013 ed il gestore potr\u00e0 dare l\u2019avvio ai lavori che consentiranno, non appena verranno terminati, l\u2019apertura al pubblico dell\u2019area\u00bb.<\/p>\n<p>&nbsp;<br \/>\nIntanto, entro due settimane avranno inizio i lavori nel Parco della rimembranza a Fasano per la realizzazione del primo parco-giochi inclusivo (adatto, quindi, anche al divertimento dei piccoli disabili) del territorio e per l\u2019installazione della nuova illuminazione pubblica. Sar\u00e0 anche chiusa permanentemente al traffico via Collodi che affaccia, da un lato, sul Parco e, dall\u2019altro, sul grande edificio che ospita la scuola primaria del 1\u00b0 Circolo didattico. \u00abIl bel progetto complessivo si deve all\u2019intuizione della rete associativa cittadina \u201cHalveare\u201d \u2013 sottolinea l\u2019assessore Deleonardis \u2013 e noi stiamo collaborando concretamente e con entusiasmo alla sua realizzazione. Il direttore dei lavori, infatti, sar\u00e0 il nostro dipendente comunale Dino Angelini, segno della nostra vigile attenzione e del nostro impegno per dare alla citt\u00e0 un\u2019area pubblica degna di questo nome che coniughi sano divertimento per i pi\u00f9 piccoli e riflessione sul nostro passato storico-sociale\u00bb.<\/p>\n<p>&nbsp;<\/p>\n<p>&nbsp;<\/p>\n","protected":false},"excerpt":{"rendered":"<p>Sono gli spazi pubblici attualmente chiusi e non fruibili i punti principali dell\u2019agenda amministrativa su cui sta lavorando in queste ore la giunta comunale-Zaccaria. L\u2019obiettivo \u00e8 la riapertura, e la fruizione di queste aree, a bambini, famiglie, visitatori e turisti in soggiorno a Fasano. &nbsp; Il Parco urbano con annesso campetto polivalente situato nella frazione Pezze di Greco \u00e8 stato aggiudicato, per la gestione e la realizzazione degli interventi di adeguamento degli impianti, alla societ\u00e0 \u201cSeda srl \u2013 Semeraro e D\u2019Amico\u201d. Nella prossima settimana l\u2019Ufficio tecnico comunale effettuer\u00e0 un apposito sopralluogo \u00abper verificare e quantificare i nuovi parametri del computo metrico e delle risorse finanziarie occorrenti, al fine di poter consegnare l\u2019area agli aggiudicatari \u2013 spiega Leonardo Deleonardis, assessore comunale al Patrimonio \u2013 affinch\u00e9 realizzino gli interventi; sono stati evidenziati, dai tecnici della societ\u00e0 affidataria, un abuso edilizio nel Parco che va, quindi, verificato, e la necessit\u00e0 di rifare completamente tutti gli impianti idrico-fognante ed elettrici, oltre alla realizzazione di rampe d\u2019accesso per consentire a tutti e, dunque, anche ai&#8230;<\/p>\n","protected":false},"author":2,"featured_media":5320,"comment_status":"open","ping_status":"closed","sticky":false,"template":"","format":"standard","meta":{"footnotes":""},"categories":[7],"tags":[244],"class_list":["post-99714","post","type-post","status-publish","format-standard","has-post-thumbnail","hentry","category-news","tag-fasano"],"_links":{"self":[{"href":"https:\/\/www.brundisium.net\/index.php\/wp-json\/wp\/v2\/posts\/99714","targetHints":{"allow":["GET"]}}],"collection":[{"href":"https:\/\/www.brundisium.net\/index.php\/wp-json\/wp\/v2\/posts"}],"about":[{"href":"https:\/\/www.brundisium.net\/index.php\/wp-json\/wp\/v2\/types\/post"}],"author":[{"embeddable":true,"href":"https:\/\/www.brundisium.net\/index.php\/wp-json\/wp\/v2\/users\/2"}],"replies":[{"embeddable":true,"href":"https:\/\/www.brundisium.net\/index.php\/wp-json\/wp\/v2\/comments?post=99714"}],"version-history":[{"count":1,"href":"https:\/\/www.brundisium.net\/index.php\/wp-json\/wp\/v2\/posts\/99714\/revisions"}],"predecessor-version":[{"id":99717,"href":"https:\/\/www.brundisium.net\/index.php\/wp-json\/wp\/v2\/posts\/99714\/revisions\/99717"}],"wp:featuredmedia":[{"embeddable":true,"href":"https:\/\/www.brundisium.net\/index.php\/wp-json\/wp\/v2\/media\/5320"}],"wp:attachment":[{"href":"https:\/\/www.brundisium.net\/index.php\/wp-json\/wp\/v2\/media?parent=99714"}],"wp:term":[{"taxonomy":"category","embeddable":true,"href":"https:\/\/www.brundisium.net\/index.php\/wp-json\/wp\/v2\/categories?post=99714"},{"taxonomy":"post_tag","embeddable":true,"href":"https:\/\/www.brundisium.net\/index.php\/wp-json\/wp\/v2\/tags?post=99714"}],"curies":[{"name":"wp","href":"https:\/\/api.w.org\/{rel}","templated":true}]}}