{"id":9978,"date":"2014-04-02T12:33:40","date_gmt":"2014-04-02T10:33:40","guid":{"rendered":"http:\/\/www.brundisium.net\/brun\/?p=9978"},"modified":"2014-04-02T12:48:34","modified_gmt":"2014-04-02T10:48:34","slug":"provincia-presentato-il-progetto-di-integrazione-scolastica-per-alunni-disabili","status":"publish","type":"post","link":"https:\/\/www.brundisium.net\/index.php\/provincia-presentato-il-progetto-di-integrazione-scolastica-per-alunni-disabili\/","title":{"rendered":"Provincia: presentato il progetto di integrazione scolastica per alunni disabili"},"content":{"rendered":"<p>Dopo un lungo lavoro di preparazione, questa mattina, presso il Salone di Rappresentanza della Provincia di Brindisi, si \u00e8 provveduto alla firma dell\u2019\u201dAccordo di programma 2013\/2016 per l\u2019integrazione scolastica e sociale degli alunni con disabilit\u00e0 frequentanti le scuole di ogni ordine e grado della provincia di Brindisi\u201d.<\/p>\n<p>&nbsp;<\/p>\n<p>Si tratta di una importante scelta che va nella direzione del sostegno dei ragazzi e dei giovani diversamente abili nell\u2019ambito del loro percorso formativo e scolastico. Un aiuto anche per le famiglie dei giovani e giovanissimi ai quali questo accordo \u00e8 destinato. Il documento, della validit\u00e0 di tre anni, \u00e8 stato sottoscritto dal Commissario Straordinario della Provincia Cesare Castelli, dai Dirigenti degli Uffici di Piano degli Ambiti Territoriali Sociali della Provincia di Brindisi, dal Direttore generale ASL\/NIAT, dal Dirigente dell\u2019Ufficio Scolastico provinciale oltre ai Dirigenti scolastici degli istituti di ogni ordine e grado della provincia di Brindisi. Lo scopo dell\u2019accordo di programma \u00e8 quello di portare a piena attuazione le leggi e le direttive internazionali, nazionali e regionali previste per l\u2019integrazione culturale e sociale delle persone disabili.<\/p>\n<p>I ragazzi e le loro famiglie, potranno contare su un documento in grado di offrire certezze su aspetti importanti della vita di ogni ragazzo disabile a scuola a cominciare dagli insegnanti di sostegno favorendo, altres\u00ec, l\u2019impiego di volontari e la comunicazione fra scuola, famiglia, servizi sanitari e sociali locali. Il tutto garantendo la partecipazione all\u2019elaborazione del Piano Educativo Individualizzato per ogni soggetto capace di garantire un progetto di vita e di formazione coerente con le potenzialit\u00e0 individuali.<br \/>\nLe finalit\u00e0 di questo documento sono la promozione dell\u2019integrit\u00e0 sociale e formativa dei ragazzi e dei bambini diversamente abili che vengono cos\u00ec posti al centro di tutti quei delicati passaggi connessi all\u2019individuazione dei suoi bisogni speciali, alle modalit\u00e0 di intervento, alla sinergia delle azioni per contribuire a realizzare al meglio il progetto educativo, didattico, sociale e riabilitativo per quanti frequentano le scuole dell\u2019intero Territorio provinciale eventualmente trovandosi in difficolt\u00e0 a causa di qualche disabilit\u00e0.<\/p>\n<p>&nbsp;<\/p>\n<p><strong>COMUNICATO STAMPA AMMINISTRAZIONE COMUNALE DI BRINDISI<\/strong><\/p>\n","protected":false},"excerpt":{"rendered":"<p>Dopo un lungo lavoro di preparazione, questa mattina, presso il Salone di Rappresentanza della Provincia di Brindisi, si \u00e8 provveduto alla firma dell\u2019\u201dAccordo di programma 2013\/2016 per l\u2019integrazione scolastica e sociale degli alunni con disabilit\u00e0 frequentanti le scuole di ogni ordine e grado della provincia di Brindisi\u201d. &nbsp; Si tratta di una importante scelta che va nella direzione del sostegno dei ragazzi e dei giovani diversamente abili nell\u2019ambito del loro percorso formativo e scolastico. Un aiuto anche per le famiglie dei giovani e giovanissimi ai quali questo accordo \u00e8 destinato. Il documento, della validit\u00e0 di tre anni, \u00e8 stato sottoscritto dal Commissario Straordinario della Provincia Cesare Castelli, dai Dirigenti degli Uffici di Piano degli Ambiti Territoriali Sociali della Provincia di Brindisi, dal Direttore generale ASL\/NIAT, dal Dirigente dell\u2019Ufficio Scolastico provinciale oltre ai Dirigenti scolastici degli istituti di ogni ordine e grado della provincia di Brindisi. Lo scopo dell\u2019accordo di programma \u00e8 quello di portare a piena attuazione le leggi e le direttive internazionali, nazionali e regionali previste per l\u2019integrazione culturale&#8230;<\/p>\n","protected":false},"author":2,"featured_media":149,"comment_status":"open","ping_status":"open","sticky":false,"template":"","format":"standard","meta":{"footnotes":""},"categories":[7],"tags":[],"class_list":["post-9978","post","type-post","status-publish","format-standard","has-post-thumbnail","hentry","category-news"],"_links":{"self":[{"href":"https:\/\/www.brundisium.net\/index.php\/wp-json\/wp\/v2\/posts\/9978","targetHints":{"allow":["GET"]}}],"collection":[{"href":"https:\/\/www.brundisium.net\/index.php\/wp-json\/wp\/v2\/posts"}],"about":[{"href":"https:\/\/www.brundisium.net\/index.php\/wp-json\/wp\/v2\/types\/post"}],"author":[{"embeddable":true,"href":"https:\/\/www.brundisium.net\/index.php\/wp-json\/wp\/v2\/users\/2"}],"replies":[{"embeddable":true,"href":"https:\/\/www.brundisium.net\/index.php\/wp-json\/wp\/v2\/comments?post=9978"}],"version-history":[{"count":1,"href":"https:\/\/www.brundisium.net\/index.php\/wp-json\/wp\/v2\/posts\/9978\/revisions"}],"predecessor-version":[{"id":9979,"href":"https:\/\/www.brundisium.net\/index.php\/wp-json\/wp\/v2\/posts\/9978\/revisions\/9979"}],"wp:featuredmedia":[{"embeddable":true,"href":"https:\/\/www.brundisium.net\/index.php\/wp-json\/wp\/v2\/media\/149"}],"wp:attachment":[{"href":"https:\/\/www.brundisium.net\/index.php\/wp-json\/wp\/v2\/media?parent=9978"}],"wp:term":[{"taxonomy":"category","embeddable":true,"href":"https:\/\/www.brundisium.net\/index.php\/wp-json\/wp\/v2\/categories?post=9978"},{"taxonomy":"post_tag","embeddable":true,"href":"https:\/\/www.brundisium.net\/index.php\/wp-json\/wp\/v2\/tags?post=9978"}],"curies":[{"name":"wp","href":"https:\/\/api.w.org\/{rel}","templated":true}]}}