{"id":99897,"date":"2017-04-03T13:11:16","date_gmt":"2017-04-03T11:11:16","guid":{"rendered":"http:\/\/www.brundisium.net\/?p=99897"},"modified":"2017-04-03T20:04:28","modified_gmt":"2017-04-03T18:04:28","slug":"stalli-per-disabili-occupati-lassessore-turaccio-appello-al-nostro-senso-di-civilta","status":"publish","type":"post","link":"https:\/\/www.brundisium.net\/index.php\/stalli-per-disabili-occupati-lassessore-turaccio-appello-al-nostro-senso-di-civilta\/","title":{"rendered":"Stalli per disabili occupati, l&#8217;assessore Turaccio: &#8220;Appello al nostro senso di civilt\u00e0&#8221;"},"content":{"rendered":"<p>Stalli per disabili occupati illegittimamente, l\u2019appello dell\u2019assessore Turaccio: \u201cDobbiamo porre fine a questa vergogna oggi stesso. Quei parcheggi vanno tenuti liberi, sempre. Occuparli anche solo 2 minuti con le quattro frecce accese non ci assolve n\u00e9 agli occhi della legge, n\u00e9 a quelli della nostra coscienza\u201d.<\/p>\n<p>Si fanno sempre pi\u00f9 numerose e incalzanti le segnalazioni di stalli per disabili occupati a Francavilla Fontana, in maniera arbitraria e illegittima, da automobilisti non autorizzati. Una piaga che sta prendendo sempre pi\u00f9 piede, passando lentamente dal piano di eccezione pubblicamente deplorata a quello di \u201cabitudine\u201d in fondo accettabile. \u201cIl presidente dell\u2019Anfass Onlus \u2018Emanuele Andriulo\u2019 \u2013 fa sapere l\u2019assessore alle Politiche sociali Marina Turaccio \u2013 mi ha lanciato nei giorni scorsi il suo accorato appello affinch\u00e9 l\u2019Amministrazione intervenga il prima possibile per porre fine al dilagare di questa inaccettabile condotta. E, da un punto di vista prettamente amministrativo, ho fatto quanto in mio potere informando la Polizia Locale e sollecitando, pur consapevole delle enormi difficolt\u00e0 legate alla carenza d\u2019organico, maggiori controlli. Tuttavia sono convinta che \u00e8 dalla sensibilizzazione che possiamo trarre i maggiori risultati. Gli automobilisti non devono parcheggiare negli stalli per disabili non per il timore di ricevere una sanzione, ma semplicemente perch\u00e9 \u00e8 sbagliato, perch\u00e9 \u00e8 un gesto di incivilt\u00e0. La quasi totalit\u00e0 di questi trasgressori occupano gli stalli per disabili per pochi minuti, convinti che il breve lasso di tempo, associato all\u2019attivazione delle quattro frecce, bastino ad assolverli e a rendere tuttavia tollerabile il loro gesto. Ma bisogna capire che gli automobilisti a Francavilla sono migliaia e migliaia, e che se anche una risibile parte di loro dovesse occupare ogni giorno, anche per soli 5 minuti, anche con le quattro frecce accese, gli stalli per disabili, questi ultimi si vedrebbero perennemente privati di un loro sacrosanto diritto. E purtroppo sembra essere proprio questa la strada imboccata. Per tale ragione \u2013 conclude l\u2019assessore Turaccio \u2013 mi appello a tutti i cittadini affinch\u00e9 riacquisiscano il proprio senso civico, e capiscano senza la minaccia di maggiori controlli e sanzioni, che occupare gli stalli per disabili \u00e8 semplicemente, drammaticamente sbagliato. In alcuni Comuni un cartello recita \u2018Vuoi il mio posto? Allora prenditi anche il mio handicap\u2019. Credo non sia necessario a Francavilla arrivare a simili ammonizioni. E voglio sperare che da subito, da oggi stesso, simili incidenti non si verifichino mai pi\u00f9. Non per una questione di rispetto delle regole, ma di rispetto delle persone\u201d.<\/p>\n<p>C.S. CITTA\u2019 DI FRANCAVILLA FONTANA<\/p>\n","protected":false},"excerpt":{"rendered":"<p>Stalli per disabili occupati illegittimamente, l\u2019appello dell\u2019assessore Turaccio: \u201cDobbiamo porre fine a questa vergogna oggi stesso. Quei parcheggi vanno tenuti liberi, sempre. Occuparli anche solo 2 minuti con le quattro frecce accese non ci assolve n\u00e9 agli occhi della legge, n\u00e9 a quelli della nostra coscienza\u201d. Si fanno sempre pi\u00f9 numerose e incalzanti le segnalazioni di stalli per disabili occupati a Francavilla Fontana, in maniera arbitraria e illegittima, da automobilisti non autorizzati. Una piaga che sta prendendo sempre pi\u00f9 piede, passando lentamente dal piano di eccezione pubblicamente deplorata a quello di \u201cabitudine\u201d in fondo accettabile. \u201cIl presidente dell\u2019Anfass Onlus \u2018Emanuele Andriulo\u2019 \u2013 fa sapere l\u2019assessore alle Politiche sociali Marina Turaccio \u2013 mi ha lanciato nei giorni scorsi il suo accorato appello affinch\u00e9 l\u2019Amministrazione intervenga il prima possibile per porre fine al dilagare di questa inaccettabile condotta. E, da un punto di vista prettamente amministrativo, ho fatto quanto in mio potere informando la Polizia Locale e sollecitando, pur consapevole delle enormi difficolt\u00e0 legate alla carenza d\u2019organico, maggiori controlli. Tuttavia sono convinta&#8230;<\/p>\n","protected":false},"author":2,"featured_media":63949,"comment_status":"open","ping_status":"closed","sticky":false,"template":"","format":"standard","meta":{"footnotes":""},"categories":[7],"tags":[27],"class_list":["post-99897","post","type-post","status-publish","format-standard","has-post-thumbnail","hentry","category-news","tag-francavilla"],"_links":{"self":[{"href":"https:\/\/www.brundisium.net\/index.php\/wp-json\/wp\/v2\/posts\/99897","targetHints":{"allow":["GET"]}}],"collection":[{"href":"https:\/\/www.brundisium.net\/index.php\/wp-json\/wp\/v2\/posts"}],"about":[{"href":"https:\/\/www.brundisium.net\/index.php\/wp-json\/wp\/v2\/types\/post"}],"author":[{"embeddable":true,"href":"https:\/\/www.brundisium.net\/index.php\/wp-json\/wp\/v2\/users\/2"}],"replies":[{"embeddable":true,"href":"https:\/\/www.brundisium.net\/index.php\/wp-json\/wp\/v2\/comments?post=99897"}],"version-history":[{"count":1,"href":"https:\/\/www.brundisium.net\/index.php\/wp-json\/wp\/v2\/posts\/99897\/revisions"}],"predecessor-version":[{"id":99900,"href":"https:\/\/www.brundisium.net\/index.php\/wp-json\/wp\/v2\/posts\/99897\/revisions\/99900"}],"wp:featuredmedia":[{"embeddable":true,"href":"https:\/\/www.brundisium.net\/index.php\/wp-json\/wp\/v2\/media\/63949"}],"wp:attachment":[{"href":"https:\/\/www.brundisium.net\/index.php\/wp-json\/wp\/v2\/media?parent=99897"}],"wp:term":[{"taxonomy":"category","embeddable":true,"href":"https:\/\/www.brundisium.net\/index.php\/wp-json\/wp\/v2\/categories?post=99897"},{"taxonomy":"post_tag","embeddable":true,"href":"https:\/\/www.brundisium.net\/index.php\/wp-json\/wp\/v2\/tags?post=99897"}],"curies":[{"name":"wp","href":"https:\/\/api.w.org\/{rel}","templated":true}]}}